{"id":997,"date":"2024-11-25T09:52:09","date_gmt":"2024-11-25T09:52:09","guid":{"rendered":"https:\/\/sekmesreceptai.lt\/index.php\/2024\/11\/25\/krastutiniu-desiniuju-kandidatas-ruosiasi-sokiruotai-pergalei-rumunijos-prezidento-rinkimuose\/"},"modified":"2024-11-25T09:52:09","modified_gmt":"2024-11-25T09:52:09","slug":"krastutiniu-desiniuju-kandidatas-ruosiasi-sokiruotai-pergalei-rumunijos-prezidento-rinkimuose","status":"publish","type":"post","link":"https:\/\/sekmesreceptai.lt\/index.php\/2024\/11\/25\/krastutiniu-desiniuju-kandidatas-ruosiasi-sokiruotai-pergalei-rumunijos-prezidento-rinkimuose\/","title":{"rendered":"Kra\u0161tutini\u0173 de\u0161ini\u0173j\u0173 kandidatas ruo\u0161iasi \u0161okiruotai pergalei Rumunijos prezidento rinkimuose"},"content":{"rendered":"<p> <br \/>\n<\/p>\n<div data-component=\"text-block\">\n<p class=\"sc-eb7bd5f6-0 fYAfXe\">Kra\u0161tutini\u0173 de\u0161ini\u0173j\u0173, prorusi\u0161k\u0105 kandidat\u0105 laukia \u0161okiruojanti pergal\u0117 pirmajame Rumunijos prezidento rinkim\u0173 ture, o pagal preliminarius rezultatus ministras pirmininkas, jo pagrindinis proeuropieti\u0161kas var\u017eovas, i\u0161krito i\u0161 var\u017eyb\u0173.<!-- --><\/p>\n<p class=\"sc-eb7bd5f6-0 fYAfXe\">Suskai\u010diavus daugiau nei 99% bals\u0173, ultranacionalistas Calinas Georgescu turi beveik 350 000 bals\u0173 prie\u0161 centro de\u0161in\u0117s kandidat\u0119 Elen\u0105 Lasconi, o tre\u010dioje vietoje yra premjeras Marcelis Ciolacu, prie\u0161rinkiminis favoritas.<!-- --><\/p>\n<p class=\"sc-eb7bd5f6-0 fYAfXe\">Stiprus Georgescu, kuris neturi savo partijos ir daugiausia agitavo socialin\u0117s \u017einiasklaidos platformoje \u201eTikTok\u201c, pasirodymas buvo did\u017eiausia rinkim\u0173 staigmena.<!-- --><\/p>\n<p class=\"sc-eb7bd5f6-0 fYAfXe\">Lasconi dabar ruo\u0161iasi mesti i\u0161\u0161\u016bk\u012f Georgescu paskutiniame antrajame etape gruod\u017eio 8 d.<!-- --><\/p>\n<\/div>\n<div data-component=\"text-block\">\n<p class=\"sc-eb7bd5f6-0 fYAfXe\">Remiantis naujausiais skai\u010diavimais, Lasconi daugiau nei t\u016bkstan\u010diu bals\u0173 lenkia Ciolacu.<!-- --><\/p>\n<p class=\"sc-eb7bd5f6-0 fYAfXe\">Tai i\u0161stumt\u0173 i\u0161 lenktyni\u0173 Ciolacu, \u012fsitvirtinusi\u0105 asmenyb\u0119, kuri t\u0119st\u0173 Rumunijos provakarieti\u0161k\u0105 keli\u0105.<!-- --><\/p>\n<p class=\"sc-eb7bd5f6-0 fYAfXe\">Anks\u010diau sekmadien\u012f paskelbtos apklausos parod\u0117, kad Ciolacu pirmauja, o Lasconi u\u017eims antr\u0105j\u0105 viet\u0105.<!-- --><\/p>\n<p class=\"sc-eb7bd5f6-0 fYAfXe\">Politikos ap\u017evalgininkas Radu Magdinas teig\u0117, kad parama Georgescu buvo beprecedent\u0117, o ankstesni\u0173 nuomoni\u0173 apklaus\u0173 duomenimis, jis surinko apie 5% bals\u0173.<!-- --><\/p>\n<p class=\"sc-eb7bd5f6-0 fYAfXe\">\u201eNiekada per savo 34 demokratijos metus nemat\u0117me tokio antpl\u016bd\u017eio, palyginti su apklausomis\u201c, \u2013 sak\u0117 M. Magdinas.<!-- --><\/p>\n<p class=\"sc-eb7bd5f6-0 fYAfXe\">Georgescu, nepriklausantis jokiai partijai, prisiek\u0117 nutraukti tai, k\u0105 jis vadina paklusnumu Europos S\u0105jungai ir NATO, ypa\u010d d\u0117l paramos Ukrainai. Jis pasmerk\u0117 NATO balistini\u0173 raket\u0173 gynybos skyd\u0105 Deveselu mieste, Rumunijoje.<!-- --><\/p>\n<p class=\"sc-eb7bd5f6-0 fYAfXe\">Kampanija daugiausiai d\u0117mesio skyr\u0117 spar\u010diai did\u0117jan\u010dioms pragyvenimo i\u0161laidoms, o Rumunijoje yra did\u017eiausia ES \u017emoni\u0173, kuriems gresia skurdas, dalis.<!-- --><\/p>\n<p class=\"sc-eb7bd5f6-0 fYAfXe\">Kitas nacionalistas George&#8217;as Simionas, kuris, kaip prognozuojama, u\u017eims ketvirt\u0105 viet\u0105, ankst\u0173 pirmadienio valandomis visi\u0161kai palaik\u0117 Georgescu.<!-- --><\/p>\n<p class=\"sc-eb7bd5f6-0 fYAfXe\">Rumunijos prezidentas atlieka i\u0161 esm\u0117s simbolin\u012f vaidmen\u012f, ta\u010diau turi didel\u0119 \u012ftak\u0105 tokiose srityse kaip u\u017esienio politika. <!-- --><\/p>\n<p class=\"sc-eb7bd5f6-0 fYAfXe\">Rinkimuose dalyvavo 51 proc., pana\u0161iai kaip ir prie\u0161 penkerius metus.<!-- --><\/p>\n<\/div>\n<p><br \/>\n<br \/><a href=\"https:\/\/www.bbc.com\/news\/articles\/c9dlw5pq967o\">Source link <\/a><\/p>\n","protected":false},"excerpt":{"rendered":"<p>Kra\u0161tutini\u0173 de\u0161ini\u0173j\u0173, prorusi\u0161k\u0105 kandidat\u0105 laukia \u0161okiruojanti pergal\u0117 pirmajame Rumunijos prezidento rinkim\u0173 ture, o pagal preliminarius&#8230;<\/p>\n","protected":false},"author":1,"featured_media":998,"comment_status":"","ping_status":"","sticky":false,"template":"","format":"standard","meta":{"om_disable_all_campaigns":false,"_monsterinsights_skip_tracking":false,"_monsterinsights_sitenote_active":false,"_monsterinsights_sitenote_note":"","_monsterinsights_sitenote_category":0,"footnotes":""},"categories":[5],"tags":[1837,1838,1836,1841,73,74,1842,1839,1840],"class_list":["post-997","post","type-post","status-publish","format-standard","has-post-thumbnail","hentry","category-pasaulio-naujienos","tag-desiniuju","tag-kandidatas","tag-krastutiniu","tag-pergalei","tag-prezidento","tag-rinkimuose","tag-rumunijos","tag-ruosiasi","tag-sokiruotai"],"aioseo_notices":[],"_links":{"self":[{"href":"https:\/\/sekmesreceptai.lt\/index.php\/wp-json\/wp\/v2\/posts\/997","targetHints":{"allow":["GET"]}}],"collection":[{"href":"https:\/\/sekmesreceptai.lt\/index.php\/wp-json\/wp\/v2\/posts"}],"about":[{"href":"https:\/\/sekmesreceptai.lt\/index.php\/wp-json\/wp\/v2\/types\/post"}],"author":[{"embeddable":true,"href":"https:\/\/sekmesreceptai.lt\/index.php\/wp-json\/wp\/v2\/users\/1"}],"replies":[{"embeddable":true,"href":"https:\/\/sekmesreceptai.lt\/index.php\/wp-json\/wp\/v2\/comments?post=997"}],"version-history":[{"count":0,"href":"https:\/\/sekmesreceptai.lt\/index.php\/wp-json\/wp\/v2\/posts\/997\/revisions"}],"wp:featuredmedia":[{"embeddable":true,"href":"https:\/\/sekmesreceptai.lt\/index.php\/wp-json\/wp\/v2\/media\/998"}],"wp:attachment":[{"href":"https:\/\/sekmesreceptai.lt\/index.php\/wp-json\/wp\/v2\/media?parent=997"}],"wp:term":[{"taxonomy":"category","embeddable":true,"href":"https:\/\/sekmesreceptai.lt\/index.php\/wp-json\/wp\/v2\/categories?post=997"},{"taxonomy":"post_tag","embeddable":true,"href":"https:\/\/sekmesreceptai.lt\/index.php\/wp-json\/wp\/v2\/tags?post=997"}],"curies":[{"name":"wp","href":"https:\/\/api.w.org\/{rel}","templated":true}]}}