{"id":849,"date":"2024-11-08T08:27:35","date_gmt":"2024-11-08T08:27:35","guid":{"rendered":"https:\/\/sekmesreceptai.lt\/index.php\/2024\/11\/08\/izraelio-futbolo-sirgaliai-uzpuole-amsterdame-pranese-pareigunai\/"},"modified":"2024-11-08T08:27:35","modified_gmt":"2024-11-08T08:27:35","slug":"izraelio-futbolo-sirgaliai-uzpuole-amsterdame-pranese-pareigunai","status":"publish","type":"post","link":"https:\/\/sekmesreceptai.lt\/index.php\/2024\/11\/08\/izraelio-futbolo-sirgaliai-uzpuole-amsterdame-pranese-pareigunai\/","title":{"rendered":"Izraelio futbolo sirgaliai u\u017epuol\u0117 Amsterdame, prane\u0161\u0117 pareig\u016bnai"},"content":{"rendered":"<p> <br \/>\n<\/p>\n<div data-component=\"text-block\">\n<p class=\"sc-eb7bd5f6-0 fYAfXe\">Pasak pareig\u016bn\u0173, Izraelio futbolo sirgaliai patyr\u0117 daugyb\u0119 i\u0161puoli\u0173 Amsterdamo centre, o riau\u0161i\u0173 policijai teko kelis kartus \u012fsiki\u0161ti, kad juos apsaugot\u0173.<!-- --><\/p>\n<p class=\"sc-eb7bd5f6-0 fYAfXe\">Ministras pirmininkas Dickas Schoofas pasmerk\u0117 \u201eantisemitines atakas\u201c, o Izraelio ministras pirmininkas Benjaminas Netanyahu sak\u0117, kad \u012f Amsterdam\u0105 buvo i\u0161si\u0173sti du \u201egelb\u0117jimo l\u0117ktuvai\u201c po to, kai Izraelio kariuomen\u0117 apib\u016bdino kaip \u201esunkius ir smurtinius incidentus prie\u0161 izraelie\u010dius\u201c.<!-- --><\/p>\n<p class=\"sc-eb7bd5f6-0 fYAfXe\">Amsterdamo meras ir vald\u017eia sak\u0117, kad nepaisant did\u017eiulio policijos dalyvavimo, Izraelio sirgaliai buvo su\u017eeisti keliose Nyderland\u0173 sostin\u0117s vietose.<!-- --><\/p>\n<p class=\"sc-eb7bd5f6-0 fYAfXe\">Izraelio Tel Avivo \u201eMaccabi\u201c klubo sirgaliai buvo i\u0161vyk\u0119 \u012f Amsterdam\u0105, kur rungtyniavo Europos lygoje su \u201eAjax\u201c.<!-- --><\/p>\n<\/div>\n<div data-component=\"text-block\">\n<p class=\"sc-eb7bd5f6-0 fYAfXe\">Schoofas sak\u0117 su siaubu steb\u0117j\u0119s \u012fvykius ir prid\u016br\u0117, kad kalb\u0117josi su Netanyahu, ir pabr\u0117\u017e\u0117, kad \u201ekaltininkai bus susekti ir patraukti baud\u017eiamojon atsakomyb\u0117n\u201c.<!-- --><\/p>\n<p class=\"sc-eb7bd5f6-0 fYAfXe\">Policija prane\u0161\u0117, kad buvo sulaikyti 57 \u017emon\u0117s. Jau prie\u0161 rungtynes \u200b\u200bDamo aik\u0161t\u0117je buvo suimti asmenys ir nemalonumai, kuriuose dalyvavo \u201eMaccabi\u201c sirgaliai ir palestinie\u010diams palank\u016bs protestuotojai, taip pat buvo prane\u0161im\u0173 apie sirgalius, kurie gretimoje gatv\u0117je sureng\u0117 fejerverkus ir nugriov\u0117 Palestinos v\u0117liav\u0105.<!-- --><\/p>\n<p class=\"sc-eb7bd5f6-0 fYAfXe\">Ta\u010diau neramumai po rungtyni\u0173 i\u0161augo. Policija teig\u0117, kad neai\u0161ku, kas dalyvavo riau\u0161\u0117se, ir vietos \u017einiasklaidai sak\u0117, kad su jais susij\u0119 asmenys vilk\u0117jo tamsiais drabu\u017eiais.<!-- --><\/p>\n<p class=\"sc-eb7bd5f6-0 fYAfXe\">Socialiniuose tinkluose pasklido keli vaizdo \u012fra\u0161ai, viename matyti, kaip \u017emogus spardomas ir mu\u0161amas ant \u017eem\u0117s, o kitame \u2013 ka\u017ekas partrenktas. Kai kuriuose vaizdo \u012fra\u0161uose buvo galima i\u0161girsti \u017emones, \u0161aukian\u010dius palestinie\u010diams palankius \u0161\u016bkius, nors BBC nepatvirtino kadr\u0173.<!-- --><\/p>\n<p class=\"sc-eb7bd5f6-0 fYAfXe\">Izraelio prezidentas Isaacas Herzogas kalb\u0117jo apie \u201epogrom\u0105\u201c prie\u0161 \u201eMaccabi\u201c gerb\u0117jus ir Izraelio pilie\u010dius. Nyderland\u0173 antiislami\u0161kas politikas Geertas Wildersas, vadovaujantis did\u017eiausiai partijai parlamente, taip pat kalb\u0117jo apie pogrom\u0105, sakydamas, kad \u201evald\u017eios institucijos bus atsakingos u\u017e nesugeb\u0117jim\u0105 apsaugoti Izraelio pilie\u010di\u0173\u201c.<!-- --><\/p>\n<p class=\"sc-eb7bd5f6-0 fYAfXe\">Amsterdamo mer\u0117 Femke Halsema anks\u010diau siek\u0117 u\u017ekirsti keli\u0105 problemoms, perkeldama palestinie\u010dius palankius protestuotojus nuo Johano Cruyffo arenos. Ta\u010diau oland\u0173 prane\u0161imais ra\u0161oma, kad didel\u0117 grup\u0117 tada band\u0117 vykti \u012f stadion\u0105, ta\u010diau juos sustabd\u0117 riau\u0161i\u0173 policija.<!-- --><\/p>\n<p class=\"sc-eb7bd5f6-0 fYAfXe\">Herzogas X sak\u0117, kad pasitiki, kad Nyderland\u0173 vald\u017eia imsis nedelsiant \u201eapsaugoti, surasti ir i\u0161gelb\u0117ti visus puolamus izraelie\u010dius ir \u017eydus\u201c.<!-- --><\/p>\n<p class=\"sc-eb7bd5f6-0 fYAfXe\">Izraelio pareig\u016bnai paragino pilie\u010dius likti savo vie\u0161bu\u010diuose, o visuomeninis transliuotojas Kan citavo U\u017esienio reikal\u0173 ministerij\u0105, teigusi\u0105, kad nutr\u016bko ry\u0161ys su trimis \u017emon\u0117mis.<!-- --><\/p>\n<p class=\"sc-eb7bd5f6-0 fYAfXe\">JAV specialioji pasiuntin\u0117 antisemitizmo klausimais Deborah Lipstadt sak\u0117, kad j\u0105 i\u0161g\u0105sdino i\u0161puoliai Amsterdame, kurie \u201ebaisiai primin\u0117 klasikin\u012f pogrom\u0105\u201c, ir kad j\u0105 labai sutrikd\u0117 j\u0173 trukm\u0117.<!-- --><\/p>\n<p class=\"sc-eb7bd5f6-0 fYAfXe\">Ji atkreip\u0117 d\u0117mes\u012f, kad smurtas \u012fvyko likus dviem dienoms iki naci\u0173 pogromo prie\u0161 \u017eydus Vokietijoje metini\u0173 1938 met\u0173 lapkrit\u012f.<!-- --><\/p>\n<\/div>\n<p><br \/>\n<br \/><a href=\"https:\/\/www.bbc.com\/news\/articles\/cx2y33ee1klo\">Source link <\/a><\/p>\n","protected":false},"excerpt":{"rendered":"<p>Pasak pareig\u016bn\u0173, Izraelio futbolo sirgaliai patyr\u0117 daugyb\u0119 i\u0161puoli\u0173 Amsterdamo centre, o riau\u0161i\u0173 policijai teko kelis&#8230;<\/p>\n","protected":false},"author":1,"featured_media":850,"comment_status":"","ping_status":"","sticky":false,"template":"","format":"standard","meta":{"om_disable_all_campaigns":false,"_monsterinsights_skip_tracking":false,"_monsterinsights_sitenote_active":false,"_monsterinsights_sitenote_note":"","_monsterinsights_sitenote_category":0,"footnotes":""},"categories":[5],"tags":[1519,33,1055,761,1061,1517,1518],"class_list":["post-849","post","type-post","status-publish","format-standard","has-post-thumbnail","hentry","category-pasaulio-naujienos","tag-amsterdame","tag-futbolo","tag-izraelio","tag-pareigunai","tag-pranese","tag-sirgaliai","tag-uzpuole"],"aioseo_notices":[],"_links":{"self":[{"href":"https:\/\/sekmesreceptai.lt\/index.php\/wp-json\/wp\/v2\/posts\/849","targetHints":{"allow":["GET"]}}],"collection":[{"href":"https:\/\/sekmesreceptai.lt\/index.php\/wp-json\/wp\/v2\/posts"}],"about":[{"href":"https:\/\/sekmesreceptai.lt\/index.php\/wp-json\/wp\/v2\/types\/post"}],"author":[{"embeddable":true,"href":"https:\/\/sekmesreceptai.lt\/index.php\/wp-json\/wp\/v2\/users\/1"}],"replies":[{"embeddable":true,"href":"https:\/\/sekmesreceptai.lt\/index.php\/wp-json\/wp\/v2\/comments?post=849"}],"version-history":[{"count":0,"href":"https:\/\/sekmesreceptai.lt\/index.php\/wp-json\/wp\/v2\/posts\/849\/revisions"}],"wp:featuredmedia":[{"embeddable":true,"href":"https:\/\/sekmesreceptai.lt\/index.php\/wp-json\/wp\/v2\/media\/850"}],"wp:attachment":[{"href":"https:\/\/sekmesreceptai.lt\/index.php\/wp-json\/wp\/v2\/media?parent=849"}],"wp:term":[{"taxonomy":"category","embeddable":true,"href":"https:\/\/sekmesreceptai.lt\/index.php\/wp-json\/wp\/v2\/categories?post=849"},{"taxonomy":"post_tag","embeddable":true,"href":"https:\/\/sekmesreceptai.lt\/index.php\/wp-json\/wp\/v2\/tags?post=849"}],"curies":[{"name":"wp","href":"https:\/\/api.w.org\/{rel}","templated":true}]}}