{"id":530,"date":"2024-10-08T06:02:44","date_gmt":"2024-10-08T06:02:44","guid":{"rendered":"https:\/\/sekmesreceptai.lt\/index.php\/2024\/10\/08\/izraelis-mini-hamas-ataku-metus-kai-vyksta-kovos\/"},"modified":"2024-10-08T06:02:44","modified_gmt":"2024-10-08T06:02:44","slug":"izraelis-mini-hamas-ataku-metus-kai-vyksta-kovos","status":"publish","type":"post","link":"https:\/\/sekmesreceptai.lt\/index.php\/2024\/10\/08\/izraelis-mini-hamas-ataku-metus-kai-vyksta-kovos\/","title":{"rendered":"Izraelis mini Hamas atak\u0173 metus, kai vyksta kovos"},"content":{"rendered":"<p> <br \/>\n<\/p>\n<div id=\"\">\n<figure>\n<div data-component=\"image-block\" class=\"sc-18fde0d6-0 ejjhCR\">\n<div data-testid=\"hero-image\" class=\"sc-a34861b-1 jxzoZC\"><img decoding=\"async\" sizes=\"(min-width: 1280px) 50vw, (min-width: 1008px) 66vw, 96vw\" srcset=\"https:\/\/ichef.bbci.co.uk\/news\/240\/cpsprodpb\/df8d\/live\/1209d000-84fd-11ef-a819-555f47c527fd.jpg.webp 240w,https:\/\/ichef.bbci.co.uk\/news\/320\/cpsprodpb\/df8d\/live\/1209d000-84fd-11ef-a819-555f47c527fd.jpg.webp 320w,https:\/\/ichef.bbci.co.uk\/news\/480\/cpsprodpb\/df8d\/live\/1209d000-84fd-11ef-a819-555f47c527fd.jpg.webp 480w,https:\/\/ichef.bbci.co.uk\/news\/640\/cpsprodpb\/df8d\/live\/1209d000-84fd-11ef-a819-555f47c527fd.jpg.webp 640w,https:\/\/ichef.bbci.co.uk\/news\/800\/cpsprodpb\/df8d\/live\/1209d000-84fd-11ef-a819-555f47c527fd.jpg.webp 800w,https:\/\/ichef.bbci.co.uk\/news\/1024\/cpsprodpb\/df8d\/live\/1209d000-84fd-11ef-a819-555f47c527fd.jpg.webp 1024w,https:\/\/ichef.bbci.co.uk\/news\/1536\/cpsprodpb\/df8d\/live\/1209d000-84fd-11ef-a819-555f47c527fd.jpg.webp 1536w\" src=\"https:\/\/ichef.bbci.co.uk\/news\/480\/cpsprodpb\/df8d\/live\/1209d000-84fd-11ef-a819-555f47c527fd.jpg.webp\" loading=\"eager\" alt=\"Reuters Ceremonija Tel Avive, skirta pamin\u0117ti vienerius metus nuo spalio 7 d\" class=\"sc-a34861b-0 efFcac\"\/><span class=\"sc-a34861b-2 fxQYxK\">Reuters<\/span><\/div>\n<\/div>\n<p><figcaption class=\"sc-8353772e-0 cvNhQw\">Tel Avive \u017emon\u0117s susirinko palaikyti Gazos Ruo\u017ee \u201eHamas\u201c \u012fkait\u0173 \u0161eim\u0173<!-- --><\/figcaption><\/p>\n<\/figure>\n<div data-component=\"text-block\" class=\"sc-18fde0d6-0 dlWCEZ\">\n<p class=\"sc-eb7bd5f6-0 fYAfXe\">Izraelis sureng\u0117 ceremonijas, skirtas 2023 m. spalio 7 d. \u201eHamas\u201c \u012fvykdyt\u0173 masini\u0173 \u017eudyni\u0173 ir grobim\u0173 aukoms atminti, atsi\u017evelgiant \u012f besit\u0119sian\u010dias kovas Gazos ruo\u017ee ir Libane.<!-- --><\/p>\n<p class=\"sc-eb7bd5f6-0 fYAfXe\">Pra\u0117jus metams nuo atakos, per kuri\u0105 \u017euvo apie 1 200 \u017emoni\u0173, o 251 buvo paimtas \u012fkaitais, Izraelio premjeras Benjaminas Netanyahu pa\u017ead\u0117jo sustabdyti tokio puolimo pasikartojim\u0105, sakydamas, kad Izraelio ginkluotosios paj\u0117gos \u201ekei\u010dia saugumo realyb\u0119\u201c regione.<!-- --><\/p>\n<p class=\"sc-eb7bd5f6-0 fYAfXe\">Nuo spalio 7 d. per Izraelio puolim\u0105 Gazoje \u017euvo beveik 42 000 \u017emoni\u0173, prane\u0161\u0117 \u201eHamas\u201c valdoma sveikatos apsaugos ministerija.<!-- --><\/p>\n<p class=\"sc-eb7bd5f6-0 fYAfXe\">Min\u0117jimo dienai prasid\u0117jus Izraelis prane\u0161\u0117, kad per\u0117m\u0117 daugiau nei 100 \u201eHezbollah\u201c paleist\u0173 raket\u0173 Libane, taip pat Jemeno husi\u0173 ir \u201eHamas\u201c Gazoje paleist\u0173 sviedini\u0173.<!-- --><\/p>\n<\/div>\n<div data-component=\"text-block\" class=\"sc-18fde0d6-0 dlWCEZ\">\n<p class=\"sc-eb7bd5f6-0 fYAfXe\">Nakt\u012f Izraelio \u0161iaur\u0117je ir toliau skamb\u0117jo persp\u0117jimo apie raketas sirenos, o dar keli miestai buvo paskelbti u\u017edaromis karin\u0117mis zonomis, nes Izraelis, pana\u0161u, i\u0161pl\u0117s savo sausumos puolim\u0105 per Libano sien\u0105.<!-- --><\/p>\n<p class=\"sc-eb7bd5f6-0 fYAfXe\">Antradienio ryt\u0105 Izraelio gynybos paj\u0117gos (IDF) prane\u0161\u0117, kad \u201eHezbollah\u201c logistikos vadas Suhailas Husseinas Husseinis \u017euvo pirmadien\u012f per \u201etiksl\u0173, \u017evalgybos duomenimis pagr\u012fst\u0105 sm\u016bg\u012f Beiruto srityje\u201c. \u201eHezbollah\u201c nekomentavo.<!-- --><\/p>\n<p class=\"sc-eb7bd5f6-0 fYAfXe\">Husseini buvo atsakingas u\u017e jautriausi\u0173 \u201eHezbollah\u201c projekt\u0173, \u012fskaitant karo planus ir kitas speciali\u0105sias operacijas, biud\u017eeto sudarym\u0105 ir logistikos valdym\u0105, nurod\u0117 IDF.<!-- --><\/p>\n<p class=\"sc-eb7bd5f6-0 fYAfXe\">JAV nurod\u0117, kad remia taikym\u0105si \u012f \u201eHezbollah\u201c Libane, ta\u010diau baiminasi, kad tai, kas buvo apib\u016bdinta kaip ribota Izraelio operacija, gali greitai virsti didesnio masto, u\u017esit\u0119susiu konfliktu. <!-- --><\/p>\n<p class=\"sc-eb7bd5f6-0 fYAfXe\">Amerikos ir Izraelio pareig\u016bnams aptariant Izraelio atsak\u0105 \u012f precedento neturin\u010di\u0105 Irano raket\u0173 atak\u0105 pra\u0117jusi\u0105 savait\u0119, C\u017dV direktorius Williamas Burnsas persp\u0117jo, kad yra \u201elabai realus tolesnio regiono eskalavimo pavojus\u201c.<!-- --><\/p>\n<\/div>\n<div data-component=\"text-block\" class=\"sc-18fde0d6-0 dlWCEZ\">\n<p class=\"sc-eb7bd5f6-0 fYAfXe\">Pra\u0117jus\u012f spal\u012f Gazos Ruo\u017eo \u201eHamas\u201c ginkluoti vyrai prasiver\u017e\u0117 pro pasienio tvor\u0105 ir siaut\u0117jo per netoliese esan\u010dius Izraelio kaimus, Kibucimus, karinius postus ir muzikos festival\u012f \u201eNova\u201c.<!-- --><\/p>\n<p class=\"sc-eb7bd5f6-0 fYAfXe\">Pirmadien\u012f \u0161imt\u0173 \u017euvusi\u0173j\u0173 ir de\u0161im\u010di\u0173 per festival\u012f \u012fkaitais paimt\u0173 \u017emoni\u0173 \u0161eimos anksti susirinko \u012f viet\u0105 \u012f pirm\u0105j\u012f \u0161ios dienos atminimo rengin\u012f.<!-- --><\/p>\n<p class=\"sc-eb7bd5f6-0 fYAfXe\">Laikydami mylim\u0173j\u0173 nuotraukas, jie klaus\u0117si paskutinio festivalio k\u016brinio prie\u0161 Izraelio prezidentui Isaacui Herzogui tylos minute 06.29 val., t\u0105 akimirk\u0105, kai prasid\u0117jo ataka.<!-- --><\/p>\n<\/div>\n<figure>\n<div data-component=\"image-block\" class=\"sc-18fde0d6-0 jFCfG\">\n<div data-testid=\"image\" class=\"sc-a34861b-1 jxzoZC\"><img decoding=\"async\" src=\"https:\/\/www.bbc.com\/bbcx\/grey-placeholder.png\" class=\"sc-a34861b-0 cOpVbP hide-when-no-script\"\/><img decoding=\"async\" sizes=\"(min-width: 1280px) 50vw, (min-width: 1008px) 66vw, 96vw\" srcset=\"https:\/\/ichef.bbci.co.uk\/news\/240\/cpsprodpb\/8ca8\/live\/c02fdb70-84df-11ef-a015-7bccfa7c6275.png.webp 240w,https:\/\/ichef.bbci.co.uk\/news\/320\/cpsprodpb\/8ca8\/live\/c02fdb70-84df-11ef-a015-7bccfa7c6275.png.webp 320w,https:\/\/ichef.bbci.co.uk\/news\/480\/cpsprodpb\/8ca8\/live\/c02fdb70-84df-11ef-a015-7bccfa7c6275.png.webp 480w,https:\/\/ichef.bbci.co.uk\/news\/640\/cpsprodpb\/8ca8\/live\/c02fdb70-84df-11ef-a015-7bccfa7c6275.png.webp 640w,https:\/\/ichef.bbci.co.uk\/news\/800\/cpsprodpb\/8ca8\/live\/c02fdb70-84df-11ef-a015-7bccfa7c6275.png.webp 800w,https:\/\/ichef.bbci.co.uk\/news\/1024\/cpsprodpb\/8ca8\/live\/c02fdb70-84df-11ef-a015-7bccfa7c6275.png.webp 1024w,https:\/\/ichef.bbci.co.uk\/news\/1536\/cpsprodpb\/8ca8\/live\/c02fdb70-84df-11ef-a015-7bccfa7c6275.png.webp 1536w\" src=\"https:\/\/ichef.bbci.co.uk\/news\/480\/cpsprodpb\/8ca8\/live\/c02fdb70-84df-11ef-a015-7bccfa7c6275.png.webp\" loading=\"lazy\" alt=\"Reuters Moteris vaik\u0161to u\u017esid\u0117jusi kremin\u0119 beisbolo kepurait\u0119 ir apsivilkusi Izraelio v\u0117liav\u0105, kai \u017emon\u0117s lankosi Novos festivalio vietoje\" class=\"sc-a34861b-0 efFcac\"\/><span class=\"sc-a34861b-2 fxQYxK\">Reuters<\/span><\/div>\n<\/div>\n<p><figcaption class=\"sc-8353772e-0 cvNhQw\">Per spalio 7 d. i\u0161puol\u012f \u201eHamas\u201c u\u017epuolikai nu\u017eud\u0117 apie 1 200 \u017emoni\u0173 ir pa\u0117m\u0117 \u012fkaitais 251<!-- --><\/figcaption><\/p>\n<\/figure>\n<p><figcaption class=\"sc-8353772e-0 cvNhQw\">Izraelis kasmet prisimena spalio 7-osios aukas<!-- --><\/figcaption><\/p>\n<div data-component=\"text-block\" class=\"sc-18fde0d6-0 dlWCEZ\">\n<p class=\"sc-eb7bd5f6-0 fYAfXe\">Netoliese esan\u010diose bendruomen\u0117se, kurias taip pat u\u017epuol\u0117 \u201eHamas\u201c u\u017epuolikai, buvo rengiami ma\u017eesni renginiai.<!-- --><\/p>\n<p class=\"sc-eb7bd5f6-0 fYAfXe\">Kitur B. Netanyahu aplank\u0117 Gele\u017einio kardo memorial\u0105 Jeruzal\u0117je, skirt\u0105 Hamas atak\u0173 aukoms, u\u017edegdamas \u017evak\u0119, kad \u201eprisimint\u0173 m\u016bs\u0173 \u017euvusiuosius, m\u016bs\u0173 \u012fkaitus\u201c. <!-- --><\/p>\n<p class=\"sc-eb7bd5f6-0 fYAfXe\">Did\u017eiausiame Tel Avivo parke Izraelio \u0161eimos rinkosi \u012f rengin\u012f, pavadint\u0105 Netek\u0117jusi\u0173 \u0161eim\u0173 atminimo ceremonija, kuri buvo alternatyva oficialiai vyriausyb\u0117s atminimo ceremonijai.<!-- --><\/p>\n<p class=\"sc-eb7bd5f6-0 fYAfXe\">Kai kurie populiariausi Izraelio dainininkai sureng\u0117 emocingus pasirodymus, o ekranuose mirg\u0117jo auk\u0173 vaizdai.<!-- --><\/p>\n<p class=\"sc-eb7bd5f6-0 fYAfXe\">Scena buvo papuo\u0161ta i\u0161puolius simbolizuojan\u010diais daiktais, \u012fskaitant apdegusius ir sudau\u017eytus automobilius i\u0161 muzikos festivalio \u201eNova\u201c ir vaiki\u0161k\u0105 dvirat\u012f bei s\u016bpyni\u0173 komplekt\u0105 i\u0161 \u201eBe&#8217;eri\u201c kibuco.<!-- --><\/p>\n<p class=\"sc-eb7bd5f6-0 fYAfXe\">U\u017e Izraelio rib\u0173 JAV prezidentas Joe Bidenas kartu su kitais pasaulio lyderiais pasmerk\u0117 prie\u0161 metus \u012fvykusi\u0173 \u201eHamas\u201c i\u0161puoli\u0173 \u201eneapsakom\u0105 \u017eiaurum\u0105\u201c.<!-- --><\/p>\n<p class=\"sc-eb7bd5f6-0 fYAfXe\">Jis taip pat i\u0161rei\u0161k\u0117 siaub\u0105 d\u0117l v\u0117lesnio karo, sakydamas, kad \u201eper daug civili\u0173 kent\u0117jo, per daug\u201c.<!-- --><\/p>\n<p class=\"sc-eb7bd5f6-0 fYAfXe\">Gedintojai taip pat rinkosi \u012f bud\u0117jimus visame pasaulyje, \u012fskaitant Australij\u0105, Piet\u0173 Afrik\u0105, Vokietij\u0105 ir JAV.<!-- --><\/p>\n<p class=\"sc-eb7bd5f6-0 fYAfXe\">Jungtin\u0117je Karalyst\u0117je seras Keiras Starmeris Bendruomeni\u0173 r\u016bmams parei\u0161k\u0117 remiantis Izraelio teis\u0119 gintis. Ta\u010diau Did\u017eiosios Britanijos ministras pirmininkas tvirtino, kad n\u0117ra karinio dabartin\u0117s kriz\u0117s sprendimo, ir ragino visas \u0161alis \u201eatsitraukti\u201c.<!-- --><\/p>\n<\/div>\n<figure>\n<div data-component=\"image-block\" class=\"sc-18fde0d6-0 jFCfG\">\n<div data-testid=\"image\" class=\"sc-a34861b-1 jxzoZC\"><img decoding=\"async\" src=\"https:\/\/www.bbc.com\/bbcx\/grey-placeholder.png\" class=\"sc-a34861b-0 cOpVbP hide-when-no-script\"\/><img decoding=\"async\" sizes=\"(min-width: 1280px) 50vw, (min-width: 1008px) 66vw, 96vw\" srcset=\"https:\/\/ichef.bbci.co.uk\/news\/240\/cpsprodpb\/93ab\/live\/4d27a3d0-84e7-11ef-85b0-af181ae39b94.png.webp 240w,https:\/\/ichef.bbci.co.uk\/news\/320\/cpsprodpb\/93ab\/live\/4d27a3d0-84e7-11ef-85b0-af181ae39b94.png.webp 320w,https:\/\/ichef.bbci.co.uk\/news\/480\/cpsprodpb\/93ab\/live\/4d27a3d0-84e7-11ef-85b0-af181ae39b94.png.webp 480w,https:\/\/ichef.bbci.co.uk\/news\/640\/cpsprodpb\/93ab\/live\/4d27a3d0-84e7-11ef-85b0-af181ae39b94.png.webp 640w,https:\/\/ichef.bbci.co.uk\/news\/800\/cpsprodpb\/93ab\/live\/4d27a3d0-84e7-11ef-85b0-af181ae39b94.png.webp 800w,https:\/\/ichef.bbci.co.uk\/news\/1024\/cpsprodpb\/93ab\/live\/4d27a3d0-84e7-11ef-85b0-af181ae39b94.png.webp 1024w,https:\/\/ichef.bbci.co.uk\/news\/1536\/cpsprodpb\/93ab\/live\/4d27a3d0-84e7-11ef-85b0-af181ae39b94.png.webp 1536w\" src=\"https:\/\/ichef.bbci.co.uk\/news\/480\/cpsprodpb\/93ab\/live\/4d27a3d0-84e7-11ef-85b0-af181ae39b94.png.webp\" loading=\"lazy\" alt=\"\u201eReuters\u201c po sm\u016bgio, vykstan\u010dio karo tarp \u201eHezbollah\u201c ir Izraelio paj\u0117g\u0173, vir\u0161 Beiruto pietini\u0173 priemies\u010di\u0173 ver\u017eiasi d\u016bmai, kaip matyti i\u0161 Sin El Filo.\" class=\"sc-a34861b-0 efFcac\"\/><span class=\"sc-a34861b-2 fxQYxK\">Reuters<\/span><\/div>\n<\/div>\n<p><figcaption class=\"sc-8353772e-0 cvNhQw\">Po Izraelio streiko vir\u0161 Beiruto pietini\u0173 priemies\u010di\u0173 ver\u017eiasi d\u016bmai<!-- --><\/figcaption><\/p>\n<\/figure>\n<div data-component=\"text-block\" class=\"sc-18fde0d6-0 dlWCEZ\">\n<p class=\"sc-eb7bd5f6-0 fYAfXe\">Ta\u010diau vykstant atminimo pamaldoms, regione \u012fsipliesk\u0117 platesnis konfliktas.<!-- --><\/p>\n<p class=\"sc-eb7bd5f6-0 fYAfXe\">Izraelio kariuomen\u0117 prane\u0161\u0117, kad \u201eHezbollah\u201c per Libano sien\u0105 paleido daugiau nei 130 raket\u0173. Dauguma buvo numu\u0161ti, bet kai kurie nukent\u0117jo Haifos ir Tiberijaus miestuose.<!-- --><\/p>\n<p class=\"sc-eb7bd5f6-0 fYAfXe\">Anks\u010diau \u201eHamas\u201c taip pat paleido raketas \u012f Tel Aviv\u0105 i\u0161 Gazos. Armija prane\u0161\u0117, kad i\u0161 Jemeno \u012f Izrael\u012f buvo paleistos balistin\u0117s raketos, ta\u010diau jos buvo perimtos.<!-- --><\/p>\n<p class=\"sc-eb7bd5f6-0 fYAfXe\">Per dien\u0105 Izraelis sureng\u0117 daugyb\u0119 oro antskryd\u017ei\u0173 ir kelet\u0105 ant\u017eemini\u0173 \u012fsiver\u017eim\u0173 \u012f Liban\u0105.<!-- --><\/p>\n<p class=\"sc-eb7bd5f6-0 fYAfXe\">Izraelio kariuomen\u0117 prane\u0161\u0117 ple\u010dianti operacijas prie\u0161 \u201eHezbollah\u201c, persp\u0117dami piet\u0173 Libano gyventojus vengti plaukioti valtimis j\u016broje ar up\u0117se \u012f pietus nuo Avalio up\u0117s.<!-- --><\/p>\n<\/div>\n<figure>\n<div data-component=\"image-block\" class=\"sc-18fde0d6-0 jFCfG\">\n<div data-testid=\"image\" class=\"sc-a34861b-1 jxzoZC\"><img decoding=\"async\" src=\"https:\/\/www.bbc.com\/bbcx\/grey-placeholder.png\" class=\"sc-a34861b-0 cOpVbP hide-when-no-script\"\/><img decoding=\"async\" sizes=\"(min-width: 1280px) 50vw, (min-width: 1008px) 66vw, 96vw\" srcset=\"https:\/\/ichef.bbci.co.uk\/news\/240\/cpsprodpb\/c427\/live\/ac583b30-84e7-11ef-85b0-af181ae39b94.png.webp 240w,https:\/\/ichef.bbci.co.uk\/news\/320\/cpsprodpb\/c427\/live\/ac583b30-84e7-11ef-85b0-af181ae39b94.png.webp 320w,https:\/\/ichef.bbci.co.uk\/news\/480\/cpsprodpb\/c427\/live\/ac583b30-84e7-11ef-85b0-af181ae39b94.png.webp 480w,https:\/\/ichef.bbci.co.uk\/news\/640\/cpsprodpb\/c427\/live\/ac583b30-84e7-11ef-85b0-af181ae39b94.png.webp 640w,https:\/\/ichef.bbci.co.uk\/news\/800\/cpsprodpb\/c427\/live\/ac583b30-84e7-11ef-85b0-af181ae39b94.png.webp 800w,https:\/\/ichef.bbci.co.uk\/news\/1024\/cpsprodpb\/c427\/live\/ac583b30-84e7-11ef-85b0-af181ae39b94.png.webp 1024w,https:\/\/ichef.bbci.co.uk\/news\/1536\/cpsprodpb\/c427\/live\/ac583b30-84e7-11ef-85b0-af181ae39b94.png.webp 1536w\" src=\"https:\/\/ichef.bbci.co.uk\/news\/480\/cpsprodpb\/c427\/live\/ac583b30-84e7-11ef-85b0-af181ae39b94.png.webp\" loading=\"lazy\" alt=\"Reuters Perkeltas berniukas ilsisi Beiruto mokykloje, kuri suteikia laikin\u0105 prieglobst\u012f \u0161eimoms. Maisto l\u0117k\u0161t\u0117 stovi prie jo koj\u0173, kai jis pasilenkia \u012f vien\u0105 pus\u0119, pad\u0117damas galv\u0105 ant pagalv\u0117s\" class=\"sc-a34861b-0 efFcac\"\/><span class=\"sc-a34861b-2 fxQYxK\">Reuters<\/span><\/div>\n<\/div>\n<p><figcaption class=\"sc-8353772e-0 cvNhQw\">Perkeltas berniukas ilsisi Beirute esan\u010dioje mokykloje, kuri suteikia laikin\u0105 prieglobst\u012f \u0161eimoms<!-- --><\/figcaption><\/p>\n<\/figure>\n<div data-component=\"text-block\" class=\"sc-18fde0d6-0 dlWCEZ\">\n<p class=\"sc-eb7bd5f6-0 fYAfXe\">Pasak Libano vald\u017eios institucij\u0173, tris savaites trukusi\u0173 intensyvi\u0173 Izraelio sm\u016bgi\u0173 ir kit\u0173 i\u0161puoli\u0173 Libane \u017euvo daugiau nei 1 400 \u017emoni\u0173, o dar 1,2 mln.<!-- --><\/p>\n<p class=\"sc-eb7bd5f6-0 fYAfXe\">\u201eHezbollah\u201c \u2013 \u0161iit\u0173 islamist\u0173 politin\u0117, karin\u0117 ir socialin\u0117 organizacija, turinti didel\u0119 gali\u0105 Libane \u2013 i\u0161liko i\u0161\u0161aukianti, nors pastarosiomis savait\u0117mis patyr\u0117 daugyb\u0119 niokojan\u010di\u0173 sm\u016bgi\u0173, \u012fskaitant jos lyderio ir daugumos auk\u0161\u010diausi\u0173 karini\u0173 vad\u0173 nu\u017eudym\u0105.<!-- --><\/p>\n<p class=\"sc-eb7bd5f6-0 fYAfXe\">Pirmadien\u012f grup\u0117 tvirtino esanti \u201epasitikinti&#8230; m\u016bs\u0173 pasiprie\u0161inimo geb\u0117jimu pasiprie\u0161inti Izraelio agresijai\u201c.<!-- --><\/p>\n<p class=\"sc-eb7bd5f6-0 fYAfXe\">Izraelio vyriausyb\u0117, kuri \u201eHezbollah\u201c laiko teroristine organizacija, pa\u017ead\u0117jo u\u017etikrinti, kad de\u0161imtys t\u016bkstan\u010di\u0173 perkelt\u0173 gyventoj\u0173 gal\u0117t\u0173 saugiai gr\u012f\u017eti \u012f savo namus netoli Libano sienos po metus trukusi\u0173 tarpvalstybini\u0173 kov\u0173, kuriuos suk\u0117l\u0117 Gazos karas.<!-- --><\/p>\n<p class=\"sc-eb7bd5f6-0 fYAfXe\">Karo veiksmai nuolat did\u0117ja nuo tada, kai 2023 m. spalio 8 d., kit\u0105 dien\u0105 po mirtinos savo s\u0105jungininko Hamas atakos Piet\u0173 Izraelyje, \u201eHezbollah\u201c prad\u0117jo \u0161audyti raketomis \u012f \u0161iaurin\u012f Izrael\u012f.<!-- --><\/p>\n<\/div>\n<\/div>\n<p><br \/>\n<br \/><a href=\"https:\/\/www.bbc.com\/news\/articles\/c4g57q20l1vo\">Source link <\/a><\/p>\n","protected":false},"excerpt":{"rendered":"<p>Reuters Tel Avive \u017emon\u0117s susirinko palaikyti Gazos Ruo\u017ee \u201eHamas\u201c \u012fkait\u0173 \u0161eim\u0173 Izraelis sureng\u0117 ceremonijas, skirtas&#8230;<\/p>\n","protected":false},"author":1,"featured_media":531,"comment_status":"open","ping_status":"open","sticky":false,"template":"","format":"standard","meta":{"om_disable_all_campaigns":false,"_monsterinsights_skip_tracking":false,"_monsterinsights_sitenote_active":false,"_monsterinsights_sitenote_note":"","_monsterinsights_sitenote_category":0,"footnotes":""},"categories":[5],"tags":[684,683,681,473,43,685,682,472],"class_list":["post-530","post","type-post","status-publish","format-standard","has-post-thumbnail","hentry","category-pasaulio-naujienos","tag-ataku","tag-hamas","tag-izraelis","tag-kai","tag-kovos","tag-metus","tag-mini","tag-vyksta"],"aioseo_notices":[],"_links":{"self":[{"href":"https:\/\/sekmesreceptai.lt\/index.php\/wp-json\/wp\/v2\/posts\/530","targetHints":{"allow":["GET"]}}],"collection":[{"href":"https:\/\/sekmesreceptai.lt\/index.php\/wp-json\/wp\/v2\/posts"}],"about":[{"href":"https:\/\/sekmesreceptai.lt\/index.php\/wp-json\/wp\/v2\/types\/post"}],"author":[{"embeddable":true,"href":"https:\/\/sekmesreceptai.lt\/index.php\/wp-json\/wp\/v2\/users\/1"}],"replies":[{"embeddable":true,"href":"https:\/\/sekmesreceptai.lt\/index.php\/wp-json\/wp\/v2\/comments?post=530"}],"version-history":[{"count":0,"href":"https:\/\/sekmesreceptai.lt\/index.php\/wp-json\/wp\/v2\/posts\/530\/revisions"}],"wp:featuredmedia":[{"embeddable":true,"href":"https:\/\/sekmesreceptai.lt\/index.php\/wp-json\/wp\/v2\/media\/531"}],"wp:attachment":[{"href":"https:\/\/sekmesreceptai.lt\/index.php\/wp-json\/wp\/v2\/media?parent=530"}],"wp:term":[{"taxonomy":"category","embeddable":true,"href":"https:\/\/sekmesreceptai.lt\/index.php\/wp-json\/wp\/v2\/categories?post=530"},{"taxonomy":"post_tag","embeddable":true,"href":"https:\/\/sekmesreceptai.lt\/index.php\/wp-json\/wp\/v2\/tags?post=530"}],"curies":[{"name":"wp","href":"https:\/\/api.w.org\/{rel}","templated":true}]}}