{"id":1936,"date":"2025-07-21T14:43:51","date_gmt":"2025-07-21T14:43:51","guid":{"rendered":"https:\/\/sekmesreceptai.lt\/index.php\/2025\/07\/21\/kenya-u-burn-uz-garsiojo-aktyvisto-kaltinima-uz-teroro-nusikaltimus\/"},"modified":"2025-07-21T14:43:51","modified_gmt":"2025-07-21T14:43:51","slug":"kenya-u-burn-uz-garsiojo-aktyvisto-kaltinima-uz-teroro-nusikaltimus","status":"publish","type":"post","link":"https:\/\/sekmesreceptai.lt\/index.php\/2025\/07\/21\/kenya-u-burn-uz-garsiojo-aktyvisto-kaltinima-uz-teroro-nusikaltimus\/","title":{"rendered":"\u201eKenya U-Burn\u201c u\u017e garsiojo aktyvisto kaltinim\u0105 u\u017e teroro nusikaltimus"},"content":{"rendered":"<p><\/p>\n<div data-component=\"text-block\">\n<p class=\"sc-9a00e533-0 hxuGS\">Garsus Kenijos aktyvistas Boniface&#8217;as Mwangi buvo apkaltintas neteis\u0117tu amunicijos, susijusios su pra\u0117jusio m\u0117nesio protestais, tur\u0117jimu, per kur\u012f \u017euvo ma\u017eiausiai 19 \u017emoni\u0173.<\/p>\n<p class=\"sc-9a00e533-0 hxuGS\">Jis neig\u0117 kaltinim\u0105 ir buvo paleistas u\u017e u\u017estat\u0105.<\/p>\n<p class=\"sc-9a00e533-0 hxuGS\">Kaip sak\u0117 policija anks\u010diau, ponas Mwangi nebuvo kaltinamas \u201eteroristini\u0173 akt\u0173 palengvinimu\u201c. <\/p>\n<p class=\"sc-9a00e533-0 hxuGS\">Sekmadien\u012f tyr\u0117jai teig\u0117, kad jie konfiskavo telefonus, ne\u0161iojam\u0105j\u012f kompiuter\u012f ir ne\u0161iojamuosius kompiuterius i\u0161 jo Lukenya nam\u0173 sostin\u0117s, Nairobio ir kiet\u0173j\u0173 disk\u0173, kompiuteri\u0173, a\u0161arini\u0173 duj\u0173 balion\u0117li\u0173 pakra\u0161tyje ir tu\u0161\u010dio \u0161aunamojo ginklo apvalkale.<b id=\"\" class=\"sc-d16436d-0 jpoiOL\"> <\/b>i\u0161 jo biuro mieste.<\/p>\n<\/div>\n<div data-component=\"text-block\">\n<p class=\"sc-9a00e533-0 hxuGS\">Jo are\u0161tas &#8211; ir ypa\u010d pasi\u016blymas, kad jis susidurs su terorizmo kaltinimais, suk\u0117l\u0117 pasmerkimo bang\u0105, o \u017emogaus teisi\u0173 grup\u0117s smerk\u0117 j\u012f kaip siekiant slopinti opozicijos balsus. Aktyvistas paneig\u0117 jam kaltinimus, sakydamas X poste: \u201eA\u0161 nesu teroristas\u201c.<\/p>\n<p class=\"sc-9a00e533-0 hxuGS\">Tariami nusikaltimai yra susij\u0119 su <b id=\"anti-government\" class=\"sc-d16436d-0 jpoiOL\">antivyriausybin\u0117<\/b> Protestai bir\u017eelio 25 d <b id=\"where\" class=\"sc-d16436d-0 jpoiOL\">Kur<\/b>pasak valstyb\u0117s finansuojamos Kenijos Nacionalin\u0117s \u017emogaus teisi\u0173 komisijos (KNCHR), 19 \u017emoni\u0173 mir\u0117, kai demonstrantai susid\u016br\u0117 su policija. \u0160imtai taip pat buvo su\u017eeisti, o turtas ir verslas buvo sugadintas.<\/p>\n<p class=\"sc-9a00e533-0 hxuGS\">Paie\u0161kos orderio policija, nor\u0117dama reiduoti pono Mwangi namus, ir biuras apkaltino aktyvist\u0105 sumok\u0117damas \u201eGoons\u201c u\u017e neramumus protestuose, prane\u0161a naujien\u0173 agent\u016bra AFP.<\/p>\n<p class=\"sc-9a00e533-0 hxuGS\">Pirmadien\u012f u\u017e teismo rib\u0173 ponas Mwangi sak\u0117 r\u0117m\u0117jams ir \u017eurnalistams: \u201ePrezidentas mano, kad pyktis prie\u0161 jo vyriausyb\u0119 yra pagamintas, o \u017emon\u0117ms mokama\u201c.<\/p>\n<p class=\"sc-9a00e533-0 hxuGS\">&#8222;\u017dmon\u0117s neken\u010dia (Kenijos prezidentas Williamas) Ruto nemokamai&#8221;.<\/p>\n<p class=\"sc-9a00e533-0 hxuGS\">Laikydamas Kenijos v\u0117liav\u0105 ir vilk\u0117damas mar\u0161kin\u0117lius, turin\u010dius \u017eod\u017eius \u201eA\u0161 myliu savo \u0161al\u012f\u201c, ponas Mwangi prid\u016br\u0117, kad jis niekada nedirbo su \u201egoonais\u201c savo \u201evis\u0105 gyvenim\u0105\u201c.<\/p>\n<p class=\"sc-9a00e533-0 hxuGS\">\u012e\u0117j\u0119 \u012f teismo sal\u0119, kolegos aktyvistai ir r\u0117m\u0117jai, susirink\u0119 parodyti savo solidarum\u0105 ir palaikym\u0105, dainavo nacionalin\u012f himn\u0105.<\/p>\n<p class=\"sc-9a00e533-0 hxuGS\">Dauguma bir\u017eelio 25 d. \u017duvo nuo \u0161autini\u0173 \u017eaizd\u0173, o \u017emogaus teisi\u0173 grup\u0117s kaltina policijos brutalum\u0105.<\/p>\n<p class=\"sc-9a00e533-0 hxuGS\">Ta\u010diau vidaus reikal\u0173 ministras Kipchumba Murkomen apib\u016bdino demonstracijas kaip \u201eterorizm\u0105, pasl\u0117pt\u0105 kaip nesutarim\u0105\u201c, ir \u201enekonstitucin\u012f bandym\u0105\u201c pakeisti vyriausyb\u0119. Jis sak\u0117, kad buvo u\u017epulta keletas policijos nuovad\u0173, daugelis pareig\u016bn\u0173 su\u017eeista ir deg\u0117 transporto priemon\u0117s.<\/p>\n<p class=\"sc-9a00e533-0 hxuGS\">KNCHR sako, kad v\u0117lesniuose protestuose \u017euvo dar ma\u017eiausiai 38 \u017emon\u0117s. <\/p>\n<p class=\"sc-9a00e533-0 hxuGS\">Nuo pra\u0117jusi\u0173 met\u0173 bir\u017eelio daugiau nei 100 \u017emoni\u0173 \u017euvo i\u0161 eil\u0117s einan\u010di\u0173 antivyriausybini\u0173 protest\u0173 bangomis, o policija buvo apkaltinta per didele j\u0117ga, kad numal\u0161int\u0173 kiekvien\u0105 i\u0161 j\u0173, ir tai suk\u0117l\u0117 tolesnes demonstracijas.<\/p>\n<p class=\"sc-9a00e533-0 hxuGS\">Prezidentas Williamas Ruto paragino policij\u0105 \u0161audyti \u012f smurtinius protestuotojus \u012f koj\u0105, o ne \u017eudyti.<\/p>\n<p class=\"sc-9a00e533-0 hxuGS\">Sekmadien\u012f 37 teisi\u0173 organizacij\u0173 koalicija pasmerk\u0117 p. Mwangi are\u0161t\u0105 d\u0117l \u201enepateisinam\u0173 \u012ftarim\u0173 terorizmo\u201c, apib\u016bdindama tai kaip \u201enaujausi\u0105 eskalavim\u0105 sistemingai susidorojant, kuri buvo matoma \u0161imtai jaun\u0173 kenijie\u010di\u0173, sulaikyt\u0173 d\u0117l suplanuot\u0173 terorizmo kaltinim\u0173\u201c.<\/p>\n<p class=\"sc-9a00e533-0 hxuGS\">\u201eTai, kas prasid\u0117jo kaip tikslingas jaun\u0173 protestuotoj\u0173, reikalaujan\u010di\u0173 atskaitomyb\u0117s, persekiojimas buvo metastazuotas \u012f visi\u0161k\u0105 Kenijos demokratijos u\u017epuolim\u0105\u201c,-sakoma bendrame prane\u0161ime.<\/p>\n<p class=\"sc-9a00e533-0 hxuGS\">Jamesas Orengo, politikas veteranas ir Siaya apygardos gubernatorius, teig\u0117, kad \u201ejuokinga kaltinti Boniface Mwangi ir m\u016bs\u0173 vaikus, kurie demonstravo auk\u0161t\u0105 politin\u0117s s\u0105mon\u0117s lyg\u012f terorizmu\u201c.<\/p>\n<p class=\"sc-9a00e533-0 hxuGS\">Ponas Mwangi praeityje kelis kartus buvo sulaikytas ir buvo daugelio protest\u0173 centre. <\/p>\n<p class=\"sc-9a00e533-0 hxuGS\">Gegu\u017e\u0117s m\u0117n. Jis ir Ugandos aktyvistas Agatheris Atuhaire&#8217;as buvo sulaikytas Tanzanijoje, kur jie i\u0161vyko dalyvauti Tanzanijos opozicijos lyderio Tundu Lissu teisme, kuris kaltinamas i\u0161davyste.<\/p>\n<p class=\"sc-9a00e533-0 hxuGS\">Po paleidimo po keli\u0173 dien\u0173 abu teig\u0117, kad buvo pagrobti, kankinti ir seksualiai u\u017epulti. Nuo to laiko jie pateik\u0117 byl\u0105 regioniniame Ryt\u0173 Afrikos teisingumo teisme \u0161iuo klausimu.<\/p>\n<\/div>\n<div data-component=\"text-block\">\n<p class=\"sc-9a00e533-0 hxuGS\">2024 m. Jis paragino \u017emones parve\u017eti karst\u0173 \u012f gatves simboliu, kaip jis sak\u0117, kad parlamentarai apmokestina kenijie\u010dius \u201emirti\u201c ir atstovauti policijai nu\u017eudytiems \u017emon\u0117ms protestuose.<\/p>\n<p class=\"sc-9a00e533-0 hxuGS\">Jis buvo sumu\u0161tas, are\u0161tuotas ir sulaikytas daug kart\u0173 u\u017e dr\u0105sius ir provokuojan\u010dius veiksmus. Jis da\u017enai kalb\u0117jo apie fizinius ir emocinius randus i\u0161 savo aktyvizmo met\u0173 &#8211; ir vis d\u0117lto jis liko nepasteb\u0117tas.<\/p>\n<p class=\"sc-9a00e533-0 hxuGS\">Buv\u0119s foto\u017eurnalistas ponas Mwangi pakilo \u012f pasaulin\u012f svarb\u0105 po to, kai jis u\u017efiksavo mirtin\u0105 smurt\u0105, vykus\u012f po 2007 m. Rinkim\u0173, o jo galingi vaizdai u\u017efiksavo kriz\u0117s, kurioje mir\u0117 daugiau nei 1000 \u017emoni\u0173, ir 350 000 priverst\u0173 i\u0161 savo nam\u0173.<\/p>\n<p class=\"sc-9a00e533-0 hxuGS\">V\u0117liau jis laim\u0117jo \u201eCNN Africa\u201c met\u0173 foto\u017eurnalisto apdovanojim\u0105 2008 m.<\/p>\n<p class=\"sc-9a00e533-0 hxuGS\">Nuo to laiko ponas Mwangi teig\u0117, kad kelion\u0117, kaip dokumentuoti \u0161iuos vaizdus, asmeni\u0161kai j\u012f paveik\u0117 ir paliko j\u012f nusivyl\u0119s. V\u0117liau jis per\u0117jo prie aktyvizmo ir nuo to laiko laim\u0117jo kitus apdovanojimus, \u012fskaitant \u201eNew African Magazine\u201c i\u0161 100 \u012ftakingiausi\u0173 Afrikos gyventoj\u0173. 2020 m.<\/p>\n<\/div>\n<p><a href=\"https:\/\/www.bbc.com\/news\/articles\/c5y9nm1vpl3o\"> Nuoroda \u012f informacijos \u0161altin\u012f <\/a><\/p>\n","protected":false},"excerpt":{"rendered":"<p>Garsus Kenijos aktyvistas Boniface&#8217;as Mwangi buvo apkaltintas neteis\u0117tu amunicijos, susijusios su pra\u0117jusio m\u0117nesio protestais, tur\u0117jimu,&#8230;<\/p>\n","protected":false},"author":1,"featured_media":1937,"comment_status":"","ping_status":"","sticky":false,"template":"","format":"standard","meta":{"om_disable_all_campaigns":false,"_monsterinsights_skip_tracking":false,"_monsterinsights_sitenote_active":false,"_monsterinsights_sitenote_note":"","_monsterinsights_sitenote_category":0,"footnotes":""},"categories":[5],"tags":[3620,3619,3621,3617,3623,3622,3618,271],"class_list":["post-1936","post","type-post","status-publish","format-standard","has-post-thumbnail","hentry","category-pasaulio-naujienos","tag-aktyvisto","tag-garsiojo","tag-kaltinima","tag-kenya","tag-nusikaltimus","tag-teroro","tag-uburn","tag-uz"],"aioseo_notices":[],"_links":{"self":[{"href":"https:\/\/sekmesreceptai.lt\/index.php\/wp-json\/wp\/v2\/posts\/1936","targetHints":{"allow":["GET"]}}],"collection":[{"href":"https:\/\/sekmesreceptai.lt\/index.php\/wp-json\/wp\/v2\/posts"}],"about":[{"href":"https:\/\/sekmesreceptai.lt\/index.php\/wp-json\/wp\/v2\/types\/post"}],"author":[{"embeddable":true,"href":"https:\/\/sekmesreceptai.lt\/index.php\/wp-json\/wp\/v2\/users\/1"}],"replies":[{"embeddable":true,"href":"https:\/\/sekmesreceptai.lt\/index.php\/wp-json\/wp\/v2\/comments?post=1936"}],"version-history":[{"count":0,"href":"https:\/\/sekmesreceptai.lt\/index.php\/wp-json\/wp\/v2\/posts\/1936\/revisions"}],"wp:featuredmedia":[{"embeddable":true,"href":"https:\/\/sekmesreceptai.lt\/index.php\/wp-json\/wp\/v2\/media\/1937"}],"wp:attachment":[{"href":"https:\/\/sekmesreceptai.lt\/index.php\/wp-json\/wp\/v2\/media?parent=1936"}],"wp:term":[{"taxonomy":"category","embeddable":true,"href":"https:\/\/sekmesreceptai.lt\/index.php\/wp-json\/wp\/v2\/categories?post=1936"},{"taxonomy":"post_tag","embeddable":true,"href":"https:\/\/sekmesreceptai.lt\/index.php\/wp-json\/wp\/v2\/tags?post=1936"}],"curies":[{"name":"wp","href":"https:\/\/api.w.org\/{rel}","templated":true}]}}