{"id":1878,"date":"2025-05-07T14:18:54","date_gmt":"2025-05-07T14:18:54","guid":{"rendered":"https:\/\/sekmesreceptai.lt\/index.php\/2025\/05\/07\/ka-mes-zinome-apie-indijos-streika-pakistane-ir-pakistano-administruojamame-kasmyre\/"},"modified":"2025-05-07T14:18:54","modified_gmt":"2025-05-07T14:18:54","slug":"ka-mes-zinome-apie-indijos-streika-pakistane-ir-pakistano-administruojamame-kasmyre","status":"publish","type":"post","link":"https:\/\/sekmesreceptai.lt\/index.php\/2025\/05\/07\/ka-mes-zinome-apie-indijos-streika-pakistane-ir-pakistano-administruojamame-kasmyre\/","title":{"rendered":"K\u0105 mes \u017einome apie Indijos streik\u0105 Pakistane ir Pakistano administruojamame Ka\u0161myre"},"content":{"rendered":"<p> <br \/>\n<\/p>\n<div id=\"\">\n<figure>\n<div data-component=\"image-block\" class=\"sc-3b6b161a-0 gyQxwn\">\n<div data-testid=\"hero-image\" class=\"sc-4abb68ca-1 eOgpjw\"><img decoding=\"async\" sizes=\"(min-width: 1280px) 50vw, (min-width: 1008px) 66vw, 96vw\" srcset=\"https:\/\/ichef.bbci.co.uk\/news\/240\/cpsprodpb\/faa0\/live\/b19de100-2ad5-11f0-9fac-0d055b6ecf46.jpg.webp 240w,https:\/\/ichef.bbci.co.uk\/news\/320\/cpsprodpb\/faa0\/live\/b19de100-2ad5-11f0-9fac-0d055b6ecf46.jpg.webp 320w,https:\/\/ichef.bbci.co.uk\/news\/480\/cpsprodpb\/faa0\/live\/b19de100-2ad5-11f0-9fac-0d055b6ecf46.jpg.webp 480w,https:\/\/ichef.bbci.co.uk\/news\/640\/cpsprodpb\/faa0\/live\/b19de100-2ad5-11f0-9fac-0d055b6ecf46.jpg.webp 640w,https:\/\/ichef.bbci.co.uk\/news\/800\/cpsprodpb\/faa0\/live\/b19de100-2ad5-11f0-9fac-0d055b6ecf46.jpg.webp 800w,https:\/\/ichef.bbci.co.uk\/news\/1024\/cpsprodpb\/faa0\/live\/b19de100-2ad5-11f0-9fac-0d055b6ecf46.jpg.webp 1024w,https:\/\/ichef.bbci.co.uk\/news\/1536\/cpsprodpb\/faa0\/live\/b19de100-2ad5-11f0-9fac-0d055b6ecf46.jpg.webp 1536w\" src=\"https:\/\/ichef.bbci.co.uk\/news\/480\/cpsprodpb\/faa0\/live\/b19de100-2ad5-11f0-9fac-0d055b6ecf46.jpg.webp\" loading=\"eager\" alt=\"\u201eReuters\u201c nuotrauka, kurioje fone rodomas sprogimas. Naktis, o nam\u0173 ir gatvi\u0173 lemp\u0173 lemput\u0117s gali b\u016bti pagamintos, ta\u010diau tamsu, tod\u0117l daug n\u0117ra ai\u0161ku\" class=\"sc-4abb68ca-0 ldLcJe\"\/><span class=\"sc-4abb68ca-2 kkAKIJ\">\u201eReuters\u201c<\/span><\/div>\n<\/div>\n<p><figcaption class=\"sc-1b6a1475-0 feHvAW\">Miesto vaizdas \u012f Muzaffarabad\u0105 Pakistane administruojamame Ka\u0161myre<\/figcaption><\/p>\n<\/figure>\n<div data-component=\"text-block\" class=\"sc-3b6b161a-0 dEGcKf\">\n<p class=\"sc-9a00e533-0 hxuGS\">Pra\u0117jus dviem savait\u0117ms po mirtino karingo i\u0161puolio prie\u0161 turistus Indijos administruojamame Ka\u0161myre, Indija prad\u0117jo daugyb\u0119 streik\u0173 Pakistano ir Pakistano administruojamo Ka\u0161myro vietose.<\/p>\n<p class=\"sc-9a00e533-0 hxuGS\">Indijos gynybos ministerija teig\u0117, kad streikai, pavadinti \u201eOperacija Sindoor\u201c, buvo \u201e\u012fsipareigojimo\u201c dalis laikyti atsakingus u\u017e baland\u017eio 22 d. I\u0161puol\u012f, kuriame liko 25 ind\u0117nai ir vienas Nepalo nacionalinis mir\u0119s \u201eatskaitingas\u201c.<\/p>\n<p class=\"sc-9a00e533-0 hxuGS\">Ta\u010diau Pakistanas, kuris paneig\u0117 bet kok\u012f pra\u0117jusio m\u0117nesio i\u0161puolio dalyvavim\u0105, apib\u016bdino streikus kaip \u201enei\u0161provokuotus\u201c, o ministras pirmininkas Shehbazas Sharifas sako, kad \u201ebaisus agresijos aktas nebus nenubaustas\u201c.<\/p>\n<\/div>\n<div data-component=\"text-block\" class=\"sc-3b6b161a-0 dEGcKf\">\n<p class=\"sc-9a00e533-0 hxuGS\">Pakistano kariuomen\u0117 sako, kad ji numu\u0161\u0117 penkis Indijos orlaivius ir dron\u0105. Indija dar neatsak\u0117 \u012f \u0161ias pretenzijas. <\/p>\n<p class=\"sc-9a00e533-0 hxuGS\">Pakistano karinis atstovas leitenantas generolas Ahmedas Sharifas Chaudhry teig\u0117, kad ma\u017eiausiai 26 \u017emon\u0117s buvo nu\u017eudyti ir 46 su\u017eeisti. Indijos armija teig\u0117, kad ma\u017eiausiai 15 civili\u0173 \u017emoni\u0173 buvo nu\u017eudyti ir 43 su\u017eeisti Pakistano apvalkalai, esantys de facto sienos pus\u0117je.<\/p>\n<\/div>\n<p><div id=\"ez-toc-container\" class=\"ez-toc-v2_0_82_2 counter-hierarchy ez-toc-counter ez-toc-grey ez-toc-container-direction\">\n<div class=\"ez-toc-title-container\">\n<p class=\"ez-toc-title\" style=\"cursor:inherit\">Turinys:<\/p>\n<span class=\"ez-toc-title-toggle\"><a href=\"#\" class=\"ez-toc-pull-right ez-toc-btn ez-toc-btn-xs ez-toc-btn-default ez-toc-toggle\" aria-label=\"Toggle Table of Content\"><span class=\"ez-toc-js-icon-con\"><span class=\"\"><span class=\"eztoc-hide\" style=\"display:none;\">Toggle<\/span><span class=\"ez-toc-icon-toggle-span\"><svg style=\"fill: #999;color:#999\" xmlns=\"http:\/\/www.w3.org\/2000\/svg\" class=\"list-377408\" width=\"20px\" height=\"20px\" viewBox=\"0 0 24 24\" fill=\"none\"><path d=\"M6 6H4v2h2V6zm14 0H8v2h12V6zM4 11h2v2H4v-2zm16 0H8v2h12v-2zM4 16h2v2H4v-2zm16 0H8v2h12v-2z\" fill=\"currentColor\"><\/path><\/svg><svg style=\"fill: #999;color:#999\" class=\"arrow-unsorted-368013\" xmlns=\"http:\/\/www.w3.org\/2000\/svg\" width=\"10px\" height=\"10px\" viewBox=\"0 0 24 24\" version=\"1.2\" baseProfile=\"tiny\"><path d=\"M18.2 9.3l-6.2-6.3-6.2 6.3c-.2.2-.3.4-.3.7s.1.5.3.7c.2.2.4.3.7.3h11c.3 0 .5-.1.7-.3.2-.2.3-.5.3-.7s-.1-.5-.3-.7zM5.8 14.7l6.2 6.3 6.2-6.3c.2-.2.3-.5.3-.7s-.1-.5-.3-.7c-.2-.2-.4-.3-.7-.3h-11c-.3 0-.5.1-.7.3-.2.2-.3.5-.3.7s.1.5.3.7z\"\/><\/svg><\/span><\/span><\/span><\/a><\/span><\/div>\n<nav><ul class='ez-toc-list ez-toc-list-level-1 ' ><li class='ez-toc-page-1 ez-toc-heading-level-2'><a class=\"ez-toc-link ez-toc-heading-1\" href=\"https:\/\/sekmesreceptai.lt\/index.php\/2025\/05\/07\/ka-mes-zinome-apie-indijos-streika-pakistane-ir-pakistano-administruojamame-kasmyre\/#Kur_nukentejo_Indija\" >Kur nukent\u0117jo Indija?<\/a><\/li><li class='ez-toc-page-1 ez-toc-heading-level-2'><a class=\"ez-toc-link ez-toc-heading-2\" href=\"https:\/\/sekmesreceptai.lt\/index.php\/2025\/05\/07\/ka-mes-zinome-apie-indijos-streika-pakistane-ir-pakistano-administruojamame-kasmyre\/#Kodel_Indija_pradejo_ispuoli\" >Kod\u0117l Indija prad\u0117jo i\u0161puol\u012f?<\/a><\/li><li class='ez-toc-page-1 ez-toc-heading-level-2'><a class=\"ez-toc-link ez-toc-heading-3\" href=\"https:\/\/sekmesreceptai.lt\/index.php\/2025\/05\/07\/ka-mes-zinome-apie-indijos-streika-pakistane-ir-pakistano-administruojamame-kasmyre\/#Kodel_Kasmyras_yra_pliupsnis_tarp_Indijos_ir_Pakistano\" >Kod\u0117l Ka\u0161myras yra pli\u016bpsnis tarp Indijos ir Pakistano?<\/a><\/li><\/ul><\/nav><\/div>\n<h2 class=\"sc-737179d2-0 erjHHi\"><span class=\"ez-toc-section\" id=\"Kur_nukentejo_Indija\"><\/span>Kur nukent\u0117jo Indija?<span class=\"ez-toc-section-end\"><\/span><\/h2>\n<\/p>\n<div data-component=\"text-block\" class=\"sc-3b6b161a-0 dEGcKf\">\n<p class=\"sc-9a00e533-0 hxuGS\">Delis ankstyvomis tre\u010diadienio ryto valandomis teig\u0117, kad devynios skirtingos vietos buvo nukreiptos tiek Pakistano administruojamame Ka\u0161myre, tiek Pakistane.<\/p>\n<p class=\"sc-9a00e533-0 hxuGS\">Jis teig\u0117, kad \u0161ios vietos buvo \u201eteroristin\u0117 infrastrukt\u016bra\u201c &#8211; vietos, kuriose i\u0161puoliai buvo \u201esuplanuoti ir nukreipti\u201c. <\/p>\n<p class=\"sc-9a00e533-0 hxuGS\">Ji pabr\u0117\u017e\u0117, kad ji nepataik\u0117 \u012f Jokius Pakistano karines \u012fstaigas, sakydama, kad jos \u201eveiksmai buvo sutelkti, i\u0161matuoti ir nelipti pob\u016bd\u017eio\u201c.<\/p>\n<p class=\"sc-9a00e533-0 hxuGS\">Po pirmini\u0173 i\u0161puoli\u0173 Pakistanas teig\u0117, kad nukent\u0117jo trys skirtingos sritys: Muzaffarabad ir Kotli Pakistano administruojamame Ka\u0161myre ir Bahawalpur Pakistano provincijoje Punjabo provincijoje. Pakistano karinio atstovas leitenantas generolas Ahmedas Sharifas v\u0117liau teig\u0117, kad nukent\u0117jo \u0161e\u0161ios vietos.<\/p>\n<p class=\"sc-9a00e533-0 hxuGS\">Pakistano gynybos ministras Khawaja Asif ankstyvomis tre\u010diadienio valandomis \u201eGEOTV\u201c sak\u0117, kad streikai u\u017eklupo civili\u0173 vietoves ir prid\u016br\u0117, kad Indijos teiginys apie \u201enukreipt\u0105 \u012f teroristines stovyklas\u201c yra klaidingas.<\/p>\n<\/div>\n<p><h2 class=\"sc-737179d2-0 erjHHi\"><span class=\"ez-toc-section\" id=\"Kodel_Indija_pradejo_ispuoli\"><\/span>Kod\u0117l Indija prad\u0117jo i\u0161puol\u012f?<span class=\"ez-toc-section-end\"><\/span><\/h2>\n<\/p>\n<div data-component=\"text-block\" class=\"sc-3b6b161a-0 dEGcKf\">\n<p class=\"sc-9a00e533-0 hxuGS\">Streikai atsiranda po keli\u0173 savai\u010di\u0173 did\u0117jan\u010dios \u012ftampos tarp branduolini\u0173 ginkl\u0173 kaimyn\u0173 d\u0117l susi\u0161audym\u0173 vaizdingame kurortiniame mieste Pahalgame.<\/p>\n<p class=\"sc-9a00e533-0 hxuGS\">Baland\u017eio 22 d. Grup\u0117s kovotoj\u0173 i\u0161puolyje buvo nu\u017eudyta 26 \u017emon\u0117s. I\u0161gyvenusieji teig\u0117, kad kovotojai i\u0161skiria induist\u0173 vyrus.<\/p>\n<p class=\"sc-9a00e533-0 hxuGS\">Tai buvo blogiausias i\u0161puolis prie\u0161 civilius gyventojus regione per du de\u0161imtme\u010dius ir pirmasis didelis civili\u0173 i\u0161puolis nuo Indijos at\u0161auk\u0117 370 straipsn\u012f, kuris 2019 m. Suteik\u0117 Ka\u0161myro pusiau autonomin\u012f status\u0105.<\/p>\n<p class=\"sc-9a00e533-0 hxuGS\">Po sprendimo regionas pamat\u0117 protestus, ta\u010diau taip pat mat\u0117, kaip karinis karingas suma\u017e\u0117jo ir labai padid\u0117jo turist\u0173, lankan\u010di\u0173 regione, skai\u010dius.<\/p>\n<p class=\"sc-9a00e533-0 hxuGS\">\u017dudyn\u0117s suk\u0117l\u0117 pla\u010diai paplitusi\u0105 pykt\u012f Indijoje, o ministras pirmininkas Narendra Modi teig\u0117, kad \u0161alis med\u017eioja \u012ftariamuosius \u201eiki \u017eem\u0117s gal\u0173\u201c ir kad tie, kurie planavo ir vykd\u0117 j\u0105, bus nubausti u\u017e j\u0173 vaizduot\u0119 \u201c.<\/p>\n<p class=\"sc-9a00e533-0 hxuGS\">Ta\u010diau Indija ne\u012fvardijo n\u0117 vienos grup\u0117s, \u012ftariamos, kad i\u0161puolis \u012fvykd\u0117 Pahalgamo i\u0161puol\u012f, ir vis dar neai\u0161ku, kas tai padar\u0117. <\/p>\n<p class=\"sc-9a00e533-0 hxuGS\">Ta\u010diau Indijos policija teig\u0117, kad du u\u017epuolikai buvo Pakistano pilie\u010diai, o Delis apkaltino Pakistan\u0105 remti kovotojus &#8211; kaltinimas Islamabadas neigia. Sakoma, kad tai neturi nieko bendra su baland\u017eio 22 d. I\u0161puoliais.<\/p>\n<p class=\"sc-9a00e533-0 hxuGS\">Po dviej\u0173 savai\u010di\u0173 abi pus\u0117s \u0117m\u0117si vienos kitos priemoni\u0173, \u012fskaitant diplomat\u0173 i\u0161st\u016bmim\u0105, viz\u0173 sustabdym\u0105 ir sien\u0173 kirtimo u\u017edarym\u0105. <\/p>\n<p class=\"sc-9a00e533-0 hxuGS\">Ta\u010diau daugelis tik\u0117josi, kad tai i\u0161augs \u012f ka\u017ekok\u012f tarpvalstybin\u012f streik\u0105 &#8211; kaip matyti po \u201ePulwama\u201c i\u0161puoli\u0173, d\u0117l kuri\u0173 40 Indijos sukarint\u0173 darbuotoj\u0173 mir\u0117 2019 m.<\/p>\n<\/div>\n<p><h2 class=\"sc-737179d2-0 erjHHi\"><span class=\"ez-toc-section\" id=\"Kodel_Kasmyras_yra_pliupsnis_tarp_Indijos_ir_Pakistano\"><\/span>Kod\u0117l Ka\u0161myras yra pli\u016bpsnis tarp Indijos ir Pakistano?<span class=\"ez-toc-section-end\"><\/span><\/h2>\n<\/p>\n<div data-component=\"text-block\" class=\"sc-3b6b161a-0 dEGcKf\">\n<p class=\"sc-9a00e533-0 hxuGS\">Ka\u0161myr\u0105 visi\u0161kai tvirtina Indija ir Pakistanas, ta\u010diau kiekvienas administruojamas tik i\u0161 dalies, nes jie buvo padalinti po 1947 m. Nepriklausomyb\u0117s nuo Britanijos.<\/p>\n<p class=\"sc-9a00e533-0 hxuGS\">\u0160alys kovojo su dviem karuose.<\/p>\n<p class=\"sc-9a00e533-0 hxuGS\">Ta\u010diau visai neseniai j\u012f u\u017epuol\u0117 kovotojai, kurie abi \u0161alis atve\u017e\u0117 \u012f rib\u0105. Indijos administruojamas Ka\u0161myras nuo 1989 m. Pasteb\u0117jo ginkluot\u0105 sukilim\u0105 prie\u0161 Indijos vald\u017ei\u0105, o kovotojai buvo nukreipti \u012f saugumo paj\u0117gas ir civilius gyventojus.<\/p>\n<p class=\"sc-9a00e533-0 hxuGS\">2016 m., Po to, kai URI buvo nu\u017eudyti 19 Indijos kareivi\u0173, Indija prad\u0117jo \u201echirurginius streikus\u201c per vis\u0105 kontrol\u0117s linij\u0105 &#8211; de facto sien\u0105 tarp Indijos ir Pakistano &#8211; nukreipdama karines bazes.<\/p>\n<p class=\"sc-9a00e533-0 hxuGS\">2019 m. \u201ePulwama\u201c bombardavimas, kuris paliko 40 Indijos sukarint\u0173j\u0173 darbuotoj\u0173 mirties, paskatino oro atakus giliai \u012f Balakot &#8211; pirmasis toks veiksmas Pakistane nuo 1971 m.<\/p>\n<p class=\"sc-9a00e533-0 hxuGS\">Nei vienas spiral\u0117, ta\u010diau platesnis pasaulis liko budrus, kad tai, kas gali nutikti, jei taip b\u016bt\u0173. \u012evairios tautos ir diplomatai visame pasaulyje band\u0117 i\u0161vengti to. <\/p>\n<p class=\"sc-9a00e533-0 hxuGS\">JT vyriausiasis Antonio Guterresas greitai paragino \u201emaksimal\u0173 suvar\u017eym\u0105\u201c &#8211; Europos S\u0105jungos ir daugyb\u0117s \u0161ali\u0173, \u012fskaitant Banglade\u0161\u0105, nuotaik\u0105.<\/p>\n<p class=\"sc-9a00e533-0 hxuGS\">Did\u017eiosios Britanijos ministras pirmininkas Keiras Starmeris paragino \u201edialog\u0105\u201c ir \u201edecalation\u201c.<\/p>\n<p class=\"sc-9a00e533-0 hxuGS\">JAV prezidentas Donaldas Trumpas, kuris vienas i\u0161 pirm\u0173j\u0173 atsak\u0117, Balt\u0173j\u0173 r\u016bm\u0173 \u017eurnalistams sak\u0117, kad tikisi, kad kova \u201epasibaigia labai greitai\u201c. Tuo tarpu JAV valstyb\u0117s sekretorius Marco Rubio teig\u0117, kad atid\u017eiai stebi poky\u010dius.<\/p>\n<\/div>\n<\/div>\n<p><br \/>\n<br \/><a href=\"https:\/\/www.bbc.com\/news\/articles\/cj6868pdpw4o\">Source link <\/a><\/p>\n","protected":false},"excerpt":{"rendered":"<p>\u201eReuters\u201c Miesto vaizdas \u012f Muzaffarabad\u0105 Pakistane administruojamame Ka\u0161myre Pra\u0117jus dviem savait\u0117ms po mirtino karingo i\u0161puolio&#8230;<\/p>\n","protected":false},"author":1,"featured_media":1879,"comment_status":"","ping_status":"","sticky":false,"template":"","format":"standard","meta":{"om_disable_all_campaigns":false,"_monsterinsights_skip_tracking":false,"_monsterinsights_sitenote_active":false,"_monsterinsights_sitenote_note":"","_monsterinsights_sitenote_category":0,"footnotes":""},"categories":[5],"tags":[3526,320,1663,50,3527,3046,1819,661,2852,3047],"class_list":["post-1878","post","type-post","status-publish","format-standard","has-post-thumbnail","hentry","category-pasaulio-naujienos","tag-administruojamame","tag-apie","tag-indijos","tag-ka","tag-kasmyre","tag-mes","tag-pakistane","tag-pakistano","tag-streika","tag-zinome"],"aioseo_notices":[],"_links":{"self":[{"href":"https:\/\/sekmesreceptai.lt\/index.php\/wp-json\/wp\/v2\/posts\/1878","targetHints":{"allow":["GET"]}}],"collection":[{"href":"https:\/\/sekmesreceptai.lt\/index.php\/wp-json\/wp\/v2\/posts"}],"about":[{"href":"https:\/\/sekmesreceptai.lt\/index.php\/wp-json\/wp\/v2\/types\/post"}],"author":[{"embeddable":true,"href":"https:\/\/sekmesreceptai.lt\/index.php\/wp-json\/wp\/v2\/users\/1"}],"replies":[{"embeddable":true,"href":"https:\/\/sekmesreceptai.lt\/index.php\/wp-json\/wp\/v2\/comments?post=1878"}],"version-history":[{"count":0,"href":"https:\/\/sekmesreceptai.lt\/index.php\/wp-json\/wp\/v2\/posts\/1878\/revisions"}],"wp:featuredmedia":[{"embeddable":true,"href":"https:\/\/sekmesreceptai.lt\/index.php\/wp-json\/wp\/v2\/media\/1879"}],"wp:attachment":[{"href":"https:\/\/sekmesreceptai.lt\/index.php\/wp-json\/wp\/v2\/media?parent=1878"}],"wp:term":[{"taxonomy":"category","embeddable":true,"href":"https:\/\/sekmesreceptai.lt\/index.php\/wp-json\/wp\/v2\/categories?post=1878"},{"taxonomy":"post_tag","embeddable":true,"href":"https:\/\/sekmesreceptai.lt\/index.php\/wp-json\/wp\/v2\/tags?post=1878"}],"curies":[{"name":"wp","href":"https:\/\/api.w.org\/{rel}","templated":true}]}}