{"id":1856,"date":"2025-04-08T00:33:44","date_gmt":"2025-04-08T00:33:44","guid":{"rendered":"https:\/\/sekmesreceptai.lt\/index.php\/2025\/04\/08\/avarija-petrasiunuose-keliu-nepasidalino-3-bmw-automobiliai-kas-vyksta-kaune\/"},"modified":"2025-04-14T14:23:24","modified_gmt":"2025-04-14T14:23:24","slug":"avarija-petrasiunuose-keliu-nepasidalino-3-bmw-automobiliai-kas-vyksta-kaune","status":"publish","type":"post","link":"https:\/\/sekmesreceptai.lt\/index.php\/2025\/04\/08\/avarija-petrasiunuose-keliu-nepasidalino-3-bmw-automobiliai-kas-vyksta-kaune\/","title":{"rendered":"Avarija Petra\u0161i\u016bnuose \u2013 keliu nepasidalino 3 \u201eBMW\u201c automobiliai \u2013 Kas vyksta Kaune"},"content":{"rendered":"\n<div>\n<p><strong>Naujien\u0173 portalas \u201eKas vyksta Kaune\u201c sulauk\u0117 skaitytojo prane\u0161imo apie pirmadienio vakar\u0105 \u012fvykusi\u0105 avarij\u0105 Kaune. Policijos teigimu, avarijoje sudalyvavo 3 \u201eBMW\u201c mark\u0117s automobiliai.<\/strong><\/p>\n<p><a href=\"https:\/\/regionuzinios.lt\/category\/regionu-naujienos\/\">Kaunietis<\/a> apie tai portalui prane\u0161\u0117 20:39 val. Vyras tikino, jog nelaim\u0117 \u012fvyko Petra\u0161i\u016bn\u0173 mikrorajone.<\/p>\n<p>\u201ePetra\u0161i\u016bn\u0173 \u201eMaximos\u201c sankry\u017ea, prie\u0161 3 minutes\u201c, \u2013 teig\u0117 operatyviai apie incident\u0105 prane\u0161\u0119s vyras.<\/p>\n<figure id=\"attachment_823824\" class=\"wp-caption aligncenter\" style=\"width: 960px;\" aria-describedby=\"caption-attachment-823824\"><figcaption id=\"caption-attachment-823824\" class=\"wp-caption-text\">Avarija T. Masiulio gatv\u0117je \/ Skaitytoj\u0173 nuotr.<\/figcaption><\/figure>\n<p><a href=\"http:\/\/itline.lt\">Naujien\u0173<\/a> portalui \u201eKas vyksta Kaune\u201c <a href=\"http:\/\/mediaagentura.lt\">susisiekus<\/a> su <a href=\"https:\/\/renginiaikaune.lt\/category\/renginiai-kaune\/\">Kauno<\/a> apskrities vyriausiojo policijos komisariato (toliau \u2013 Kauno apskr. VPK) budin\u010diu pareig\u016bnu, paai\u0161k\u0117jo, jog avarija \u012fvyko 20:46 val.<\/p>\n<p>\u201e20:46 val. buvo gautas prane\u0161imas, kad Petra\u0161i\u016bn\u0173 mikrorajone, T. Masiulio gatv\u0117je, prie\u0161ais \u201eMaxim\u0105\u201c, susid\u016br\u0117 3 \u201eBMW\u201c mark\u0117s automobiliai\u201c, \u2013 teig\u0117 Kauno apskr. VPK atstovas.<\/p>\n<p>Laimei, eismo \u012fvykio metu niekas nenukent\u0117jo, tod\u0117l pareig\u016bn\u0173 <a href=\"http:\/\/palangoszinios.lt\">pagalbos<\/a> neprireik\u0117.<\/p>\n<p>Anot policijos, vairuotojai avarijos vietoje pildosi eimo \u012fvykio deklaracijas.<\/p>\n<blockquote class=\"wp-embedded-content\" data-secret=\"HU6WviLOp8\"><p>Pirmadien\u012f <a href=\"https:\/\/infokaunas.lt\/category\/kauno-miesto-naujienos\/\">Kaune<\/a> \u2013 stiprus dviej\u0173 automobili\u0173 susid\u016brimas<\/p><\/blockquote>\n<p><iframe loading=\"lazy\" class=\"wp-embedded-content\" style=\"position: absolute; visibility: hidden;\" title=\"\u201cPirmadien\u012f Kaune \u2013 stiprus dviej\u0173 automobili\u0173 susid\u016brimas\u201d \u2014 Kas vyksta Kaune\" src=\"https:\/\/kaunas.kasvyksta.lt\/2025\/04\/07\/eismas\/pirmadieni-kaune-stiprus-dvieju-automobiliu-susidurimas\/embed\/#?secret=s3DhMCYy5n#?secret=HU6WviLOp8\" width=\"600\" height=\"338\" frameborder=\"0\" marginwidth=\"0\" marginheight=\"0\" scrolling=\"no\" sandbox=\"allow-scripts\" data-secret=\"HU6WviLOp8\"><\/iframe><\/p>\n<p><em>D\u0117kojame kaunie\u010diams u\u017e tai, kad prane\u0161a apie aktualius \u012fvykius. Jei ir j\u016bs norite pasidalinti savo informacija ar <a href=\"http:\/\/dizainoarkliukas.lt\">nuomone<\/a> apie Kauno aktualijas, ra\u0161ykite pasinaudoj\u0119 spec. forma \u201ePrane\u0161ti naujien\u0105\u201c arba per \u201eFacebook\u201c puslapio priva\u010dias \u017einutes.<\/em><\/p>\n<\/div>\n\n<p><a href=\"https:\/\/kaunas.kasvyksta.lt\/2025\/04\/07\/eismas\/avarija-petrasiunuose-keliu-nepasidalino-3-bmw-automobiliai\/\">Source link <\/a><\/p>\n","protected":false},"excerpt":{"rendered":"<p>Naujien\u0173 portalas \u201eKas vyksta Kaune\u201c sulauk\u0117 skaitytojo prane\u0161imo apie pirmadienio vakar\u0105 \u012fvykusi\u0105 avarij\u0105 Kaune. Policijos&#8230;<\/p>\n","protected":false},"author":1,"featured_media":1857,"comment_status":"closed","ping_status":"closed","sticky":false,"template":"","format":"standard","meta":{"om_disable_all_campaigns":false,"_monsterinsights_skip_tracking":false,"_monsterinsights_sitenote_active":false,"_monsterinsights_sitenote_note":"","_monsterinsights_sitenote_category":0,"footnotes":""},"categories":[743],"tags":[3503,1267,3502,929,1100,494,3501,3500,472],"class_list":["post-1856","post","type-post","status-publish","format-standard","has-post-thumbnail","hentry","category-salies-naujienos-aktualijos","tag-automobiliai","tag-avarija","tag-bmw","tag-kas","tag-kaune","tag-keliu","tag-nepasidalino","tag-petrasiunuose","tag-vyksta"],"aioseo_notices":[],"_links":{"self":[{"href":"https:\/\/sekmesreceptai.lt\/index.php\/wp-json\/wp\/v2\/posts\/1856","targetHints":{"allow":["GET"]}}],"collection":[{"href":"https:\/\/sekmesreceptai.lt\/index.php\/wp-json\/wp\/v2\/posts"}],"about":[{"href":"https:\/\/sekmesreceptai.lt\/index.php\/wp-json\/wp\/v2\/types\/post"}],"author":[{"embeddable":true,"href":"https:\/\/sekmesreceptai.lt\/index.php\/wp-json\/wp\/v2\/users\/1"}],"replies":[{"embeddable":true,"href":"https:\/\/sekmesreceptai.lt\/index.php\/wp-json\/wp\/v2\/comments?post=1856"}],"version-history":[{"count":1,"href":"https:\/\/sekmesreceptai.lt\/index.php\/wp-json\/wp\/v2\/posts\/1856\/revisions"}],"predecessor-version":[{"id":1860,"href":"https:\/\/sekmesreceptai.lt\/index.php\/wp-json\/wp\/v2\/posts\/1856\/revisions\/1860"}],"wp:featuredmedia":[{"embeddable":true,"href":"https:\/\/sekmesreceptai.lt\/index.php\/wp-json\/wp\/v2\/media\/1857"}],"wp:attachment":[{"href":"https:\/\/sekmesreceptai.lt\/index.php\/wp-json\/wp\/v2\/media?parent=1856"}],"wp:term":[{"taxonomy":"category","embeddable":true,"href":"https:\/\/sekmesreceptai.lt\/index.php\/wp-json\/wp\/v2\/categories?post=1856"},{"taxonomy":"post_tag","embeddable":true,"href":"https:\/\/sekmesreceptai.lt\/index.php\/wp-json\/wp\/v2\/tags?post=1856"}],"curies":[{"name":"wp","href":"https:\/\/api.w.org\/{rel}","templated":true}]}}