{"id":1804,"date":"2025-02-22T00:30:01","date_gmt":"2025-02-22T00:30:01","guid":{"rendered":"https:\/\/sekmesreceptai.lt\/index.php\/2025\/02\/22\/piktinasi-neorganizuotumu-kas-vyksta-kaune\/"},"modified":"2025-03-06T04:58:50","modified_gmt":"2025-03-06T04:58:50","slug":"piktinasi-neorganizuotumu-kas-vyksta-kaune","status":"publish","type":"post","link":"https:\/\/sekmesreceptai.lt\/index.php\/2025\/02\/22\/piktinasi-neorganizuotumu-kas-vyksta-kaune\/","title":{"rendered":"piktinasi neorganizuotumu \u2013 Kas vyksta Kaune"},"content":{"rendered":"\n<div>\n<p><strong>\u012e grandiozin\u012f \u201e\u017demaituk\u0173\u201c koncert\u0105 Kauno \u201e\u017dalgirio\u201c arenoje l\u0117k\u0119 i\u0161tikimiausi gerb\u0117jai socialiniuose tinkluose lieja <a href=\"http:\/\/sveikatossistema.lt\">pasipiktinim\u0105<\/a> \u2013 nors renginys jau <a href=\"http:\/\/pasaulioverslas.lt\">prasid\u0117jo<\/a>, daugelis vis dar stovi ilgose eil\u0117se lauke ir negali patekti \u012f vid\u0173. \u017dmon\u0117s stebisi prasta renginio organizacija ir skund\u017eiasi, kad patirtis apkarto dar neprasid\u0117jus pasirodymui.<\/strong><\/p>\n<p>\u012e koncert\u0105 skub\u0117jusi \u201eDelfi\u201c skaitytoja pasakojo, kad atvykusi likus vos kelioms minut\u0117ms iki renginio prad\u017eios, netrukus suprato \u2013 skub\u0117ti nebuvo jokios prasm\u0117s.<\/p>\n<p>Prie arenos ji i\u0161vydo \u0161imtus <a href=\"http:\/\/pulsaras.lt\">\u017emoni\u0173<\/a>, stoviniuojan\u010di\u0173 ilgoje eil\u0117je ir nesuprantan\u010di\u0173, kod\u0117l \u012fleidimas vyksta taip l\u0117tai.<\/p>\n<p>Pana\u0161iomis istorijomis dalijasi ir kiti <a href=\"http:\/\/visosnaujienos.lt\">\u017ei\u016brovai<\/a>, kurie socialiniuose tinkluose nevengia kritikos <a href=\"http:\/\/saliesnaujienos.lt\">renginio<\/a> <a href=\"http:\/\/kaunoinfo.lt\">organizatoriams<\/a>. Kai kurie pastebi, kad nebuvo ai\u0161kiai suplanuotas <a href=\"http:\/\/palangoszinios.lt\">\u017emoni\u0173<\/a> srauto valdymas, o \u012f\u0117jimo kontrol\u0117 veik\u0117 itin l\u0117tai.<\/p>\n<figure id=\"attachment_816598\" class=\"wp-caption aligncenter\" style=\"width: 1200px;\" aria-describedby=\"caption-attachment-816598\"><figcaption id=\"caption-attachment-816598\" class=\"wp-caption-text\">\u012e koncert\u0105 patekti negalintys \u017emon\u0117s \/ Delfi nuotr.<\/figcaption><\/figure>\n<p>Kiti ragina tokiuose renginiuose ateityje geriau planuoti atvykim\u0105, nes pana\u0161ios situacijos nutinka ne pirm\u0105 kart\u0105.<\/p>\n<p>\u201eDelfi\u201c primena, kad vasario 21-osios vakar\u0105 Kauno \u201e\u017dalgirio\u201c arenoje vyksta ilgai lauktas \u201e\u017demaituk\u0173\u201c koncertas.<\/p>\n<p>Dar visai neseniai Palangos baruose ir kavin\u0117se koncertavusi grup\u0117 \u0161\u012fkart sureng\u0117 <a href=\"http:\/\/www.webstudio.lt\">did\u017eiausi\u0105<\/a> pasirodym\u0105 savo karjeroje.<\/p>\n<p>Nepaisant <a href=\"http:\/\/infokaunas.lt\">nesklandum\u0173<\/a> prie \u012f\u0117jimo, koncertas neabejotinai taps reik\u0161minga Lietuvos muzikos istorijos dalimi \u2013 tai \u012frodymas, kad nuo\u0161irdus darbas, talentas ir ry\u0161ys su <a href=\"http:\/\/automotonaujienos.lt\">klausytojais<\/a> gali atverti keli\u0105 \u012f did\u017eiausias \u0161alies scenas ir <a href=\"http:\/\/kriptoplius.lt\">pilnut\u0117les<\/a> arenas.<\/p>\n<p>Daugiau skaitykite \u010dia.<\/p>\n<\/div>\n<p><a href=\"https:\/\/kaunas.kasvyksta.lt\/2025\/02\/21\/laisvalaikis\/zemaituku-koncertas-prasidejo-bet-gerbejai-liko-uz-duru-piktinasi-neorganizuotumu\/\">Source link <\/a><\/p>\n","protected":false},"excerpt":{"rendered":"<p>\u012e grandiozin\u012f \u201e\u017demaituk\u0173\u201c koncert\u0105 Kauno \u201e\u017dalgirio\u201c arenoje l\u0117k\u0119 i\u0161tikimiausi gerb\u0117jai socialiniuose tinkluose lieja pasipiktinim\u0105 \u2013&#8230;<\/p>\n","protected":false},"author":1,"featured_media":1805,"comment_status":"closed","ping_status":"closed","sticky":false,"template":"","format":"standard","meta":{"om_disable_all_campaigns":false,"_monsterinsights_skip_tracking":false,"_monsterinsights_sitenote_active":false,"_monsterinsights_sitenote_note":"","_monsterinsights_sitenote_category":0,"footnotes":""},"categories":[743],"tags":[929,1100,3448,3447,472],"class_list":["post-1804","post","type-post","status-publish","format-standard","has-post-thumbnail","hentry","category-salies-naujienos-aktualijos","tag-kas","tag-kaune","tag-neorganizuotumu","tag-piktinasi","tag-vyksta"],"aioseo_notices":[],"_links":{"self":[{"href":"https:\/\/sekmesreceptai.lt\/index.php\/wp-json\/wp\/v2\/posts\/1804","targetHints":{"allow":["GET"]}}],"collection":[{"href":"https:\/\/sekmesreceptai.lt\/index.php\/wp-json\/wp\/v2\/posts"}],"about":[{"href":"https:\/\/sekmesreceptai.lt\/index.php\/wp-json\/wp\/v2\/types\/post"}],"author":[{"embeddable":true,"href":"https:\/\/sekmesreceptai.lt\/index.php\/wp-json\/wp\/v2\/users\/1"}],"replies":[{"embeddable":true,"href":"https:\/\/sekmesreceptai.lt\/index.php\/wp-json\/wp\/v2\/comments?post=1804"}],"version-history":[{"count":1,"href":"https:\/\/sekmesreceptai.lt\/index.php\/wp-json\/wp\/v2\/posts\/1804\/revisions"}],"predecessor-version":[{"id":1808,"href":"https:\/\/sekmesreceptai.lt\/index.php\/wp-json\/wp\/v2\/posts\/1804\/revisions\/1808"}],"wp:featuredmedia":[{"embeddable":true,"href":"https:\/\/sekmesreceptai.lt\/index.php\/wp-json\/wp\/v2\/media\/1805"}],"wp:attachment":[{"href":"https:\/\/sekmesreceptai.lt\/index.php\/wp-json\/wp\/v2\/media?parent=1804"}],"wp:term":[{"taxonomy":"category","embeddable":true,"href":"https:\/\/sekmesreceptai.lt\/index.php\/wp-json\/wp\/v2\/categories?post=1804"},{"taxonomy":"post_tag","embeddable":true,"href":"https:\/\/sekmesreceptai.lt\/index.php\/wp-json\/wp\/v2\/tags?post=1804"}],"curies":[{"name":"wp","href":"https:\/\/api.w.org\/{rel}","templated":true}]}}