{"id":1754,"date":"2025-02-16T13:55:07","date_gmt":"2025-02-16T13:55:07","guid":{"rendered":"https:\/\/sekmesreceptai.lt\/index.php\/2025\/02\/16\/villacho-musimas-buvo-islamistu-ispuolis-sako-ministras\/"},"modified":"2025-02-16T13:55:07","modified_gmt":"2025-02-16T13:55:07","slug":"villacho-musimas-buvo-islamistu-ispuolis-sako-ministras","status":"publish","type":"post","link":"https:\/\/sekmesreceptai.lt\/index.php\/2025\/02\/16\/villacho-musimas-buvo-islamistu-ispuolis-sako-ministras\/","title":{"rendered":"Villacho mu\u0161imas buvo islamist\u0173 i\u0161puolis, sako ministras"},"content":{"rendered":"<p> <br \/>\n<\/p>\n<div data-component=\"text-block\">\n<p class=\"sc-eb7bd5f6-0 fYAfXe\">Austrijoje mu\u0161imas, kuris nu\u017eud\u0117 14 met\u0173 berniuk\u0105 ir su\u017eeid\u0117 dar penkis, buvo islamist\u0173 i\u0161puolis, sak\u0117 \u0161alies vidaus reikal\u0173 ministras. <!-- --><\/p>\n<p class=\"sc-eb7bd5f6-0 fYAfXe\">I\u0161puolis \u012fvyko \u0161e\u0161tadien\u012f Villach mieste, mieste prie sienos su Italija ir Slov\u0117nija.<!-- --><\/p>\n<p class=\"sc-eb7bd5f6-0 fYAfXe\">\u012evykio vietoje buvo sulaikytas 23 met\u0173 Sirijos prieglobs\u010dio ie\u0161kotojas.  <!-- --><\/p>\n<p class=\"sc-eb7bd5f6-0 fYAfXe\">Vidaus reikal\u0173 ministras Gerhardas Karneris teig\u0117, kad i\u0161puolis buvo susij\u0119s su \u201eIslamo valstyb\u0117s\u201c grupe, o \u012ftariamasis pasirod\u0117 radikalizuotas internete \u201eper labai trump\u0105 laik\u0105\u201c.<!-- --><\/p>\n<\/div>\n<div data-component=\"text-block\">\n<p class=\"sc-eb7bd5f6-0 fYAfXe\">Anks\u010diau vald\u017eios institucijos teig\u0117, kad jis tur\u0117jo laikin\u0105 leidim\u0105 gyventi ir lauk\u0117 sprendimo d\u0117l jo prieglobs\u010dio pra\u0161ymo.<!-- --><\/p>\n<p class=\"sc-eb7bd5f6-0 fYAfXe\">Kalb\u0117damas sekmadienio spaudos konferencijoje, Karneris teig\u0117, kad tai buvo \u201eislamist\u0173 i\u0161puolis, kuriame yra u\u017epuoliko, kuris, iki \u0161iol iki \u0161iol tyrim\u0173, buvo akivaizd\u017eiai radikalizuotas internete per labai trump\u0105 laik\u0105. <!-- --><\/p>\n<p class=\"sc-eb7bd5f6-0 fYAfXe\">&#8222;Taigi tie, kurie u\u017eima atsakomyb\u0119, policija, vald\u017eios institucijos privalo padaryti reikiamas i\u0161vadas.&#8221;<!-- --><\/p>\n<p class=\"sc-eb7bd5f6-0 fYAfXe\">I\u0161puolis \u012fvyko apie 16:00 vietin\u012f laik\u0105 (15:00 GMT) netoli pagrindin\u0117s miesto aik\u0161t\u0117s. <!-- --><\/p>\n<p class=\"sc-eb7bd5f6-0 fYAfXe\">Du i\u0161 penki\u0173 su\u017eeist\u0173 \u017emoni\u0173 nuo \u0161e\u0161tadienio vakaro buvo sunkios b\u016bkl\u0117s.<!-- --><\/p>\n<p class=\"sc-eb7bd5f6-0 fYAfXe\">Pristatymo darbuotojas, taip pat Sirijos vyras, kuris vairavo savo transporto priemon\u0119 prie u\u017epuoliko, pad\u0117jo i\u0161vengti daugiau su\u017ealojim\u0173, prane\u0161\u0117 policija.<!-- --><\/p>\n<p class=\"sc-eb7bd5f6-0 fYAfXe\">I\u0161puolis \u012fvyksta vykstant nacionalin\u0117ms diskusijoms d\u0117l prieglobs\u010dio \u012fstatym\u0173 ir pernai i\u0161rinkt\u0173 rinkim\u0173, kuriuose pirm\u0105 kart\u0105 vir\u0161uje pasirod\u0117 kra\u0161tutini\u0173 de\u0161ini\u0173j\u0173 laisv\u0117s partija.<!-- --><\/p>\n<p class=\"sc-eb7bd5f6-0 fYAfXe\">Partijai nepavyko suformuoti koalicijos vyriausyb\u0117s, palikdama Austrijos prezident\u0105 Aleksandr\u0105 Van der Bellen\u0105, nesvarbu, ar paskambinti \u012f SNAP rinkimus, suformuoti ma\u017eumos vyriausyb\u0119 ar pakviesti kitas partijas ar ekspert\u0173 grup\u0119 bandyti suformuoti administracij\u0105.<!-- --><\/p>\n<p class=\"sc-eb7bd5f6-0 fYAfXe\">Herbertas Kicklas, \u201eLaisv\u0117s\u201c partijos vadovas, konfiskavo \u201eVillach\u201c i\u0161puol\u012f, \u0161e\u0161tadien\u012f sakydamas, kad Austrijai reikia \u201egrie\u017eto susidorojimo su prieglobs\u010diu\u201c.<!-- --><\/p>\n<\/div>\n<p><br \/>\n<br \/><a href=\"https:\/\/www.bbc.com\/news\/articles\/cjw4jj0p5jdo\">Source link <\/a><\/p>\n","protected":false},"excerpt":{"rendered":"<p>Austrijoje mu\u0161imas, kuris nu\u017eud\u0117 14 met\u0173 berniuk\u0105 ir su\u017eeid\u0117 dar penkis, buvo islamist\u0173 i\u0161puolis, sak\u0117&#8230;<\/p>\n","protected":false},"author":1,"featured_media":1755,"comment_status":"","ping_status":"","sticky":false,"template":"","format":"standard","meta":{"om_disable_all_campaigns":false,"_monsterinsights_skip_tracking":false,"_monsterinsights_sitenote_active":false,"_monsterinsights_sitenote_note":"","_monsterinsights_sitenote_category":0,"footnotes":""},"categories":[5],"tags":[916,3351,3352,543,3350,649,3349],"class_list":["post-1754","post","type-post","status-publish","format-standard","has-post-thumbnail","hentry","category-pasaulio-naujienos","tag-buvo","tag-islamistu","tag-ispuolis","tag-ministras","tag-musimas","tag-sako","tag-villacho"],"aioseo_notices":[],"_links":{"self":[{"href":"https:\/\/sekmesreceptai.lt\/index.php\/wp-json\/wp\/v2\/posts\/1754","targetHints":{"allow":["GET"]}}],"collection":[{"href":"https:\/\/sekmesreceptai.lt\/index.php\/wp-json\/wp\/v2\/posts"}],"about":[{"href":"https:\/\/sekmesreceptai.lt\/index.php\/wp-json\/wp\/v2\/types\/post"}],"author":[{"embeddable":true,"href":"https:\/\/sekmesreceptai.lt\/index.php\/wp-json\/wp\/v2\/users\/1"}],"replies":[{"embeddable":true,"href":"https:\/\/sekmesreceptai.lt\/index.php\/wp-json\/wp\/v2\/comments?post=1754"}],"version-history":[{"count":0,"href":"https:\/\/sekmesreceptai.lt\/index.php\/wp-json\/wp\/v2\/posts\/1754\/revisions"}],"wp:featuredmedia":[{"embeddable":true,"href":"https:\/\/sekmesreceptai.lt\/index.php\/wp-json\/wp\/v2\/media\/1755"}],"wp:attachment":[{"href":"https:\/\/sekmesreceptai.lt\/index.php\/wp-json\/wp\/v2\/media?parent=1754"}],"wp:term":[{"taxonomy":"category","embeddable":true,"href":"https:\/\/sekmesreceptai.lt\/index.php\/wp-json\/wp\/v2\/categories?post=1754"},{"taxonomy":"post_tag","embeddable":true,"href":"https:\/\/sekmesreceptai.lt\/index.php\/wp-json\/wp\/v2\/tags?post=1754"}],"curies":[{"name":"wp","href":"https:\/\/api.w.org\/{rel}","templated":true}]}}