{"id":1746,"date":"2025-02-15T13:54:04","date_gmt":"2025-02-15T13:54:04","guid":{"rendered":"https:\/\/sekmesreceptai.lt\/index.php\/2025\/02\/15\/volodymyr-zelensky-ragina-sukurti-europos-armija-kad-susidurtu-su-rusijos-grasinimais\/"},"modified":"2025-02-15T13:54:04","modified_gmt":"2025-02-15T13:54:04","slug":"volodymyr-zelensky-ragina-sukurti-europos-armija-kad-susidurtu-su-rusijos-grasinimais","status":"publish","type":"post","link":"https:\/\/sekmesreceptai.lt\/index.php\/2025\/02\/15\/volodymyr-zelensky-ragina-sukurti-europos-armija-kad-susidurtu-su-rusijos-grasinimais\/","title":{"rendered":"Volodymyr Zelensky ragina sukurti \u201eEuropos armij\u0105\u201c, kad susidurt\u0173 su Rusijos grasinimais"},"content":{"rendered":"<p> <br \/>\n<\/p>\n<div data-component=\"text-block\">\n<p class=\"sc-eb7bd5f6-0 fYAfXe\">Ukrainos prezidentas Volodymyras Zelensky paragino sukurti \u201eEuropos armij\u0105\u201c saugoti prie\u0161 Rusij\u0105, nes, jo manymu, JAV gali nebeb\u016bti \u012f \u017eemyno pagalb\u0105.<!-- --><\/p>\n<p class=\"sc-eb7bd5f6-0 fYAfXe\">Kalb\u0117damas Miuncheno saugumo konferencijoje, jis taip pat teig\u0117, kad Ukraina \u201eniekada nepriims m\u016bs\u0173 nugaros sudaryt\u0173 sandori\u0173 be m\u016bs\u0173 dalyvavimo\u201c po to, kai JAV prezidentas Donaldas Trumpas ir Rusijos prezidentas Vladimiras Putinas sutiko prad\u0117ti taikos derybas. <!-- --><\/p>\n<p class=\"sc-eb7bd5f6-0 fYAfXe\">Kalboje penktadien\u012f, <!-- -->kurioje jis u\u017epuol\u0117 Europos demokratijas<!-- -->JAV viceprezidentas JD Vance persp\u0117jo, kad Europa turi \u201elabai didel\u0119\u201c gynyb\u0105.<!-- --><\/p>\n<p class=\"sc-eb7bd5f6-0 fYAfXe\">Zelensky sak\u0117: \u201eA\u0161 tikrai tikiu, kad at\u0117jo laikas &#8211; turi b\u016bti sukurtos ginkluotos Europos paj\u0117gos\u201c.  <!-- --><\/p>\n<\/div>\n<div data-component=\"text-block\">\n<p class=\"sc-eb7bd5f6-0 fYAfXe\">Jis sak\u0117: \u201eVakar \u010dia, Miunchene, JAV viceprezidentas ai\u0161kiai pasak\u0117 (kad) sen\u0173 Europos ir Amerikos santyki\u0173 de\u0161imtme\u010dius.<!-- --><\/p>\n<p class=\"sc-eb7bd5f6-0 fYAfXe\">&#8222;Nuo \u0161iol viskas bus kitaip, o Europai reik\u0117s prisitaikyti prie to.&#8221;<!-- --><\/p>\n<p class=\"sc-eb7bd5f6-0 fYAfXe\">Anks\u010diau \u0161i\u0105 savait\u0119 JAV gynybos sekretorius Pete&#8217;as Hegsethas teig\u0117, kad Rusijos visos masto invazija \u012f Ukrain\u0105 yra \u201egamyklinis atstatymas\u201c NATO, kuris rei\u0161k\u0117, kad aljansui reikia \u201etvirto\u201c, \u201estiprus\u201c ir \u201etikras\u201c.<!-- --><\/p>\n<p class=\"sc-eb7bd5f6-0 fYAfXe\">\u0160e\u0161tadien\u012f Zelensky sak\u0117: \u201eB\u016bkime s\u0105\u017einingi. Dabar mes negalime atmesti galimyb\u0117s, kad Amerika gali pasakyti\u201e ne Europai \u201cklausimu, kuris jai kelia gr\u0117sm\u0119.<!-- --><\/p>\n<p class=\"sc-eb7bd5f6-0 fYAfXe\">\u201eDaugelis lyderi\u0173 kalb\u0117jo apie Europ\u0105, kuriai reikia savo kariuomen\u0117s.  <!-- --><\/p>\n<p class=\"sc-eb7bd5f6-0 fYAfXe\">&#8222;Armija, Europos armija&#8221;.<!-- --><\/p>\n<p class=\"sc-eb7bd5f6-0 fYAfXe\">Europos armijos samprata yra tai, k\u0105 pasi\u016bl\u0117 kiti lyderiai, \u012fskaitant Pranc\u016bzijos prezident\u0105 Emmanuel\u012f Macron\u0105, kuris ilg\u0105 laik\u0105 palaik\u0117 paties bloko kariuomen\u0119, kad suma\u017eint\u0173 jos priklausomyb\u0119 nuo JAV.  <!-- --><\/p>\n<p class=\"sc-eb7bd5f6-0 fYAfXe\">Zelensky sak\u0117: \u201ePrie\u0161 kelias dienas prezidentas Trumpas man papasakojo apie savo pokalb\u012f su Putinu. Ne kart\u0105 jis u\u017esimin\u0117, kad Amerikai reikia Europos prie stalo &#8211; tai daug pasako.<!-- --><\/p>\n<p class=\"sc-eb7bd5f6-0 fYAfXe\">&#8222;Senosios dienos baig\u0117si, kai Amerika palaik\u0117 Europ\u0105 tik tod\u0117l, kad ji visada tur\u0117jo.&#8221;<!-- --><\/p>\n<p class=\"sc-eb7bd5f6-0 fYAfXe\">Kadangi Rusijos visos masto invazija \u012f Ukrain\u0105 art\u0117ja prie trej\u0173 met\u0173 jubiliejaus, Trumpas ir Hegsethas abu teig\u0117 ma\u017eai tik\u0117tina, kad Ukraina prisijungs prie NATO.<!-- --><\/p>\n<p class=\"sc-eb7bd5f6-0 fYAfXe\">JAV gynybos sekretorius taip pat teig\u0117, kad gr\u012f\u017eimas \u012f Ukrainos sienas iki 2014 m. Buvo nerealus. <!-- --><\/p>\n<p class=\"sc-eb7bd5f6-0 fYAfXe\">Zelensky teig\u0117, kad jis \u201enesiims NATO naryst\u0117s Ukrainai nuo stalo\u201c.<!-- --><\/p>\n<\/div>\n<p><br \/>\n<br \/><a href=\"https:\/\/www.bbc.com\/news\/articles\/cvgl27x74wpo\">Source link <\/a><\/p>\n","protected":false},"excerpt":{"rendered":"<p>Ukrainos prezidentas Volodymyras Zelensky paragino sukurti \u201eEuropos armij\u0105\u201c saugoti prie\u0161 Rusij\u0105, nes, jo manymu, JAV&#8230;<\/p>\n","protected":false},"author":1,"featured_media":1747,"comment_status":"","ping_status":"","sticky":false,"template":"","format":"standard","meta":{"om_disable_all_campaigns":false,"_monsterinsights_skip_tracking":false,"_monsterinsights_sitenote_active":false,"_monsterinsights_sitenote_note":"","_monsterinsights_sitenote_category":0,"footnotes":""},"categories":[5],"tags":[2755,1777,3342,54,1211,1968,656,3341,3339,3340],"class_list":["post-1746","post","type-post","status-publish","format-standard","has-post-thumbnail","hentry","category-pasaulio-naujienos","tag-armija","tag-europos","tag-grasinimais","tag-kad","tag-ragina","tag-rusijos","tag-sukurti","tag-susidurtu","tag-volodymyr","tag-zelensky"],"aioseo_notices":[],"_links":{"self":[{"href":"https:\/\/sekmesreceptai.lt\/index.php\/wp-json\/wp\/v2\/posts\/1746","targetHints":{"allow":["GET"]}}],"collection":[{"href":"https:\/\/sekmesreceptai.lt\/index.php\/wp-json\/wp\/v2\/posts"}],"about":[{"href":"https:\/\/sekmesreceptai.lt\/index.php\/wp-json\/wp\/v2\/types\/post"}],"author":[{"embeddable":true,"href":"https:\/\/sekmesreceptai.lt\/index.php\/wp-json\/wp\/v2\/users\/1"}],"replies":[{"embeddable":true,"href":"https:\/\/sekmesreceptai.lt\/index.php\/wp-json\/wp\/v2\/comments?post=1746"}],"version-history":[{"count":0,"href":"https:\/\/sekmesreceptai.lt\/index.php\/wp-json\/wp\/v2\/posts\/1746\/revisions"}],"wp:featuredmedia":[{"embeddable":true,"href":"https:\/\/sekmesreceptai.lt\/index.php\/wp-json\/wp\/v2\/media\/1747"}],"wp:attachment":[{"href":"https:\/\/sekmesreceptai.lt\/index.php\/wp-json\/wp\/v2\/media?parent=1746"}],"wp:term":[{"taxonomy":"category","embeddable":true,"href":"https:\/\/sekmesreceptai.lt\/index.php\/wp-json\/wp\/v2\/categories?post=1746"},{"taxonomy":"post_tag","embeddable":true,"href":"https:\/\/sekmesreceptai.lt\/index.php\/wp-json\/wp\/v2\/tags?post=1746"}],"curies":[{"name":"wp","href":"https:\/\/api.w.org\/{rel}","templated":true}]}}