{"id":1701,"date":"2025-02-10T13:42:00","date_gmt":"2025-02-10T13:42:00","guid":{"rendered":"https:\/\/sekmesreceptai.lt\/index.php\/2025\/02\/10\/macron-gilumos-kyla-klausimu-del-ai-naudojimo\/"},"modified":"2025-02-10T13:42:00","modified_gmt":"2025-02-10T13:42:00","slug":"macron-gilumos-kyla-klausimu-del-ai-naudojimo","status":"publish","type":"post","link":"https:\/\/sekmesreceptai.lt\/index.php\/2025\/02\/10\/macron-gilumos-kyla-klausimu-del-ai-naudojimo\/","title":{"rendered":"\u201eMacron\u201c gilumos kyla klausim\u0173 d\u0117l AI naudojimo"},"content":{"rendered":"<p> <br \/>\n<\/p>\n<div data-component=\"text-block\">\n<p class=\"sc-eb7bd5f6-0 fYAfXe\">Pranc\u016bzijos prezidentas Emmanuelis Macronas panaudojo AI sukurtus \u201eDeepfake\u201c vaizdo \u012fra\u0161us, kad pavie\u0161int\u0173 AI veiksmo vir\u0161\u016bni\u0173 susitikimo prad\u017ei\u0105 Pary\u017eiuje. <!-- --><\/p>\n<p class=\"sc-eb7bd5f6-0 fYAfXe\">Vaizdo \u012fra\u0161e, paskelbtame jo socialin\u0117s \u017einiasklaidos paskyrose, Macronas reaguoja \u012f gili\u0173 vaizdo \u012fra\u0161\u0173 apie save populiariuose filmuose ir TV serialuose monta\u017e\u0105 sakydamas \u201egra\u017eiai padaryta\u201c.<!-- --><\/p>\n<p class=\"sc-eb7bd5f6-0 fYAfXe\">\u201eMacron\u201c vaizdo \u012fra\u0161ai, \u012fterpti \u012f populiari\u0105j\u0105 \u017einiasklaid\u0105, naudojant AI, pastaruosius kelis m\u0117nesius sklinda Pranc\u016bzijos socialin\u0117je \u017einiasklaidoje. <!-- --><\/p>\n<p class=\"sc-eb7bd5f6-0 fYAfXe\">Spalio m\u0117n. Jis pasakojo \u201eVariety\u201c, kad kai kuriems \u017emon\u0117ms \u201eDeepfakes\u201c gali b\u016bti \u201epriekabiavimo forma\u201c.<!-- --><\/p>\n<p class=\"sc-eb7bd5f6-0 fYAfXe\">Kai kurie ekspertai suabejojo, kad naudojasi giliavaisiais, sakydami, kad normalizavus juos, sunku pasteb\u0117ti netikras naujienas.<!-- --><\/p>\n<\/div>\n<div data-component=\"text-block\">\n<p class=\"sc-eb7bd5f6-0 fYAfXe\">Vaizdo \u012fra\u0161e, kuris buvo matytas milijonus kart\u0173 visame prezidento \u201eInstagram\u201c, \u201eX\u201c ir \u201eTiktok\u201c paskyrose, rodo, kad jis \u012ftrauktas \u012f devintojo de\u0161imtme\u010dio \u201eEuro\u201c diskotekos hit\u0105, influencerio plauk\u0173 vadov\u0105 ir veiksmo heroj\u0173 televizijos laid\u0105 \u201eMacGyver\u201c. <!-- --><\/p>\n<p class=\"sc-eb7bd5f6-0 fYAfXe\">Tokie vaizdo \u012fra\u0161ai kur\u012f laik\u0105 buvo populiar\u016bs pranc\u016bz\u0173 socialin\u0117je \u017einiasklaidoje, tod\u0117l tai yra Macronas, pripa\u017e\u012fstantis, kad jis tapo meme tarp kai kuri\u0173 socialin\u0117s \u017einiasklaidos sluoksni\u0173. <!-- --><\/p>\n<p class=\"sc-eb7bd5f6-0 fYAfXe\">Tada tikrasis Macronas sako: \u201eTai gana gerai padaryta, tai privert\u0117 mane juoktis\u201c.<!-- --><\/p>\n<p class=\"sc-eb7bd5f6-0 fYAfXe\">&#8222;Ta\u010diau rim\u010diau, naudodamiesi dirbtiniu intelektu, mes galime padaryti labai didelius dalykus: pakeisti sveikatos prie\u017ei\u016br\u0105, energij\u0105, gyvenim\u0105 m\u016bs\u0173 visuomen\u0117je.&#8221; 47 met\u0173 prezidentas sak\u0117. <!-- --><\/p>\n<p class=\"sc-eb7bd5f6-0 fYAfXe\">Jis priduria: \u201ePranc\u016bzija ir Europa turi b\u016bti \u0161ios revoliucijos pagrindas, kad pasinaudot\u0173 kiekviena proga ir skatint\u0173 m\u016bs\u0173 pa\u010di\u0173 principus\u201c.<!-- --><\/p>\n<p class=\"sc-eb7bd5f6-0 fYAfXe\"> <!-- -->vaizdo \u012fra\u0161as<!-- --> buvo paskelbtas prie\u0161 dviej\u0173 dien\u0173 pasaulin\u012f AI vir\u0161\u016bni\u0173 susitikim\u0105, prasidedant\u012f Pary\u017eiuje pirmadien\u012f.<!-- --><\/p>\n<p class=\"sc-eb7bd5f6-0 fYAfXe\">Auk\u0161\u010diausiojo lygio susitikimo tikslas yra suvienyti pasaulio lyderius, technologij\u0173 vadovus ir akademikus, siekiant i\u0161tirti AI poveik\u012f visuomenei, valdymui ir aplinkai.<!-- --><\/p>\n<\/div>\n<div data-component=\"text-block\">\n<p class=\"sc-eb7bd5f6-0 fYAfXe\">\u201ePrezidento Macrono\u201e Deepfake \u201cgali atrodyti kaip nekenksminga smagu reklamuoti AI vir\u0161\u016bni\u0173 susitikim\u0105 Pary\u017eiuje, ta\u010diau tai apskritai n\u0117ra geras dalykas\u201c, &#8211; sako Paulius McKay, viceprezidentas ir pagrindinis technologij\u0173 konsultavimo analitikas \u201eForrester\u201c. <!-- --><\/p>\n<p class=\"sc-eb7bd5f6-0 fYAfXe\">&#8222;Tokiu b\u016bdu normalizuoti giliavandenius netur\u0117t\u0173 b\u016bti skatinamas, nes tai t\u0119sia sunkum\u0173 pasakojant, kas yra tikra, o kas ne, ir galiausiai padeda nustatyti, kas yra faktas i\u0161 gro\u017ein\u0117s literat\u016bros.&#8221;<!-- --><\/p>\n<p class=\"sc-eb7bd5f6-0 fYAfXe\">Dr. Richardas Little i\u0161 Salfordo verslo mokyklos taip pat persp\u0117ja apie rizik\u0105 \u201enormalizuoti\u201c gili\u0173faki\u0173 vaizdo \u012fra\u0161us tiek socialin\u0117je \u017einiasklaidoje, tiek suk\u010diavime \u201c. <!-- --><\/p>\n<p class=\"sc-eb7bd5f6-0 fYAfXe\">Jis priduria: \u201ePuiku atkreipti d\u0117mes\u012f \u012f \u0161i\u0105 gr\u0117sm\u0119, ta\u010diau tai padaryti taip, kad tai parodo, kaip lengva sukurti giluminius padfaktus, rizikuoti j\u0173 platesniu pri\u0117mimu\u201c.<!-- --><\/p>\n<p class=\"sc-eb7bd5f6-0 fYAfXe\">Prof Philipas Howardas, Tarptautin\u0117s informacijos aplinkos grup\u0117s prezidentas, sako, kad AI vis da\u017eniau naudojama \u201enovatori\u0161kais, kartais \u017eaismingais b\u016bdais, kaip parod\u0117 naujausias prezidento Macrono vaizdo \u012fra\u0161as\u201c.  <!-- --><\/p>\n<p class=\"sc-eb7bd5f6-0 fYAfXe\">Ta\u010diau jis priduria: \u201eTokie vaizdo \u012fra\u0161ai da\u017enai i\u0161leid\u017eiami, kai n\u0117ra ai\u0161ki\u0173 vie\u0161ojo komunikacijos gairi\u0173\u201c. <!-- --><\/p>\n<p class=\"sc-eb7bd5f6-0 fYAfXe\">Pranc\u016bzijos \u017einiasklaidoje buvo diskutuojama d\u0117l to, ar \u201eMacron\u201c tur\u0117t\u0173 b\u016bti trivializuojantys \u201eDeepfake\u201c vaizdo \u012fra\u0161us, kai juos galima panaudoti \u017ealoms.<!-- --><\/p>\n<p class=\"sc-eb7bd5f6-0 fYAfXe\">Spalio m\u0117nes\u012f Macronas pasakojo <!-- -->\u012evairov\u0117<!-- --> Gil\u016bsfaktai \u201egali dezinformuoti, o tai gali nuli\u016bdinti m\u016bs\u0173 demokratijas\u201c.<!-- --><\/p>\n<p class=\"sc-eb7bd5f6-0 fYAfXe\">Jis sak\u0117, kad jie tur\u0117t\u0173 b\u016bti reglamentuojami \u201eprisipa\u017einus atsakomybei \u017emon\u0117ms, kurie skleid\u017eia \u0161\u012f turin\u012f, kad j\u012f suma\u017eint\u0173\u201c.<!-- --><\/p>\n<p class=\"sc-eb7bd5f6-0 fYAfXe\">Naujai \u012fgyvendintas ES \u012fgyvendintas AI \u012fstatymas, reguliuojantis dirbtinio intelekto naudojim\u0105, sulauk\u0117 kritikos vir\u0161\u016bni\u0173 susitikime d\u0117l slopinan\u010di\u0173 naujovi\u0173.<!-- --><\/p>\n<p class=\"sc-eb7bd5f6-0 fYAfXe\">Blocas taip pat atskleid\u0117 visos Europos, atvirojo kodo AI modelio planus, kuri\u0173 biud\u017eetas yra 37,4 mln. EUR (31,1 mln. Svar\u0173).<!-- --><\/p>\n<p class=\"sc-eb7bd5f6-0 fYAfXe\">Visuotin\u0117 bendro PG tiksl\u0173 deklaracija ir etin\u0117 atsakomyb\u0117 tur\u0117t\u0173 b\u016bti atskleista rytojaus auk\u0161\u010diausiojo lygio susitikimo pabaigoje.<!-- --><\/p>\n<p class=\"sc-eb7bd5f6-0 fYAfXe\">Kol kas JAV ir JK abu atsisak\u0117 pasakyti, ar jie pasira\u0161ys.<!-- --><\/p>\n<\/div>\n<p><script async src=\"\/\/www.instagram.com\/embed.js\"><\/script><br \/>\n<br \/><br \/>\n<br \/><a href=\"https:\/\/www.bbc.com\/news\/articles\/c3e1kne7q1qo\">Source link <\/a><\/p>\n","protected":false},"excerpt":{"rendered":"<p>Pranc\u016bzijos prezidentas Emmanuelis Macronas panaudojo AI sukurtus \u201eDeepfake\u201c vaizdo \u012fra\u0161us, kad pavie\u0161int\u0173 AI veiksmo vir\u0161\u016bni\u0173&#8230;<\/p>\n","protected":false},"author":1,"featured_media":1702,"comment_status":"","ping_status":"","sticky":false,"template":"","format":"standard","meta":{"om_disable_all_campaigns":false,"_monsterinsights_skip_tracking":false,"_monsterinsights_sitenote_active":false,"_monsterinsights_sitenote_note":"","_monsterinsights_sitenote_category":0,"footnotes":""},"categories":[5],"tags":[84,3249,3250,2804,3248,3251],"class_list":["post-1701","post","type-post","status-publish","format-standard","has-post-thumbnail","hentry","category-pasaulio-naujienos","tag-del","tag-gilumos","tag-klausimu","tag-kyla","tag-macron","tag-naudojimo"],"aioseo_notices":[],"_links":{"self":[{"href":"https:\/\/sekmesreceptai.lt\/index.php\/wp-json\/wp\/v2\/posts\/1701","targetHints":{"allow":["GET"]}}],"collection":[{"href":"https:\/\/sekmesreceptai.lt\/index.php\/wp-json\/wp\/v2\/posts"}],"about":[{"href":"https:\/\/sekmesreceptai.lt\/index.php\/wp-json\/wp\/v2\/types\/post"}],"author":[{"embeddable":true,"href":"https:\/\/sekmesreceptai.lt\/index.php\/wp-json\/wp\/v2\/users\/1"}],"replies":[{"embeddable":true,"href":"https:\/\/sekmesreceptai.lt\/index.php\/wp-json\/wp\/v2\/comments?post=1701"}],"version-history":[{"count":0,"href":"https:\/\/sekmesreceptai.lt\/index.php\/wp-json\/wp\/v2\/posts\/1701\/revisions"}],"wp:featuredmedia":[{"embeddable":true,"href":"https:\/\/sekmesreceptai.lt\/index.php\/wp-json\/wp\/v2\/media\/1702"}],"wp:attachment":[{"href":"https:\/\/sekmesreceptai.lt\/index.php\/wp-json\/wp\/v2\/media?parent=1701"}],"wp:term":[{"taxonomy":"category","embeddable":true,"href":"https:\/\/sekmesreceptai.lt\/index.php\/wp-json\/wp\/v2\/categories?post=1701"},{"taxonomy":"post_tag","embeddable":true,"href":"https:\/\/sekmesreceptai.lt\/index.php\/wp-json\/wp\/v2\/tags?post=1701"}],"curies":[{"name":"wp","href":"https:\/\/api.w.org\/{rel}","templated":true}]}}