{"id":1655,"date":"2025-02-04T23:33:10","date_gmt":"2025-02-04T23:33:10","guid":{"rendered":"https:\/\/sekmesreceptai.lt\/index.php\/2025\/02\/04\/kaune-ieskotas-vaikinas-rastas-gyvas-ir-sveikas-kas-vyksta-kaune\/"},"modified":"2025-02-04T23:33:10","modified_gmt":"2025-02-04T23:33:10","slug":"kaune-ieskotas-vaikinas-rastas-gyvas-ir-sveikas-kas-vyksta-kaune","status":"publish","type":"post","link":"https:\/\/sekmesreceptai.lt\/index.php\/2025\/02\/04\/kaune-ieskotas-vaikinas-rastas-gyvas-ir-sveikas-kas-vyksta-kaune\/","title":{"rendered":"Kaune ie\u0161kotas vaikinas rastas gyvas ir sveikas \u2013 Kas vyksta Kaune"},"content":{"rendered":"<p> <br \/>\n<\/p>\n<div>\n<p><strong>Antradienio vakar\u0105 Kauno pareig\u016bnai pasidalijo gera \u017einia \u2013 ie\u0161kotas 17-metis rastas gyvas ir sveikas.<\/strong><\/p>\n<p>\u201eNepilnametis 21.30 val. policijos pareig\u016bn\u0173 buvo pasteb\u0117tas einantis Kaune, Raudondvario pl.\/E\u017eero g.<\/p>\n<p>D\u0117kojame visiems bei pra\u0161ome i\u0161imti vie\u0161int\u0105 nepilname\u010dio atvaizd\u0105. Policijos pareig\u016bnai taip pat d\u0117koja \u012f paie\u0161k\u0105 pasijungusiems \u0160auli\u0173 s\u0105jungos bei Raudonojo kry\u017eiaus atstovams\u201c, \u2013 21.46 val. naujienomis apie ie\u0161kot\u0105 vaikin\u0105 pasidalijo Kauno apskrities vyriausiasis policijos komisariatas (Kauno apskr. VPK).<\/p>\n<p>\u201eKas vyksta Kaune\u201c primena, jog pra\u0161ymas pad\u0117ti rasti dingus\u012f jaunuol\u012f socialinius tinklus u\u017epl\u016bdo antradien\u012f.<\/p>\n<p>Kaip informavo Kauno apskr. VPK, vaikinas i\u0161 mokyklinio autobusiuko nuo ugdymo centro darbuotoj\u0173 pasi\u0161alino Uosio gatv\u0117je, apie 15 val.<\/p>\n<\/p><\/div>\n<p><br \/>\n<br \/><a href=\"https:\/\/kaunas.kasvyksta.lt\/2025\/02\/04\/112\/kaune-ieskotas-vaikinas-rastas-gyvas-ir-sveikas\/\">Source link <\/a><\/p>\n","protected":false},"excerpt":{"rendered":"<p>Antradienio vakar\u0105 Kauno pareig\u016bnai pasidalijo gera \u017einia \u2013 ie\u0161kotas 17-metis rastas gyvas ir sveikas. \u201eNepilnametis&#8230;<\/p>\n","protected":false},"author":1,"featured_media":829,"comment_status":"","ping_status":"","sticky":false,"template":"","format":"standard","meta":{"om_disable_all_campaigns":false,"_monsterinsights_skip_tracking":false,"_monsterinsights_sitenote_active":false,"_monsterinsights_sitenote_note":"","_monsterinsights_sitenote_category":0,"footnotes":""},"categories":[743],"tags":[3150,3147,929,1100,3149,3151,3148,472],"class_list":["post-1655","post","type-post","status-publish","format-standard","has-post-thumbnail","hentry","category-salies-naujienos-aktualijos","tag-gyvas","tag-ieskotas","tag-kas","tag-kaune","tag-rastas","tag-sveikas","tag-vaikinas","tag-vyksta"],"aioseo_notices":[],"_links":{"self":[{"href":"https:\/\/sekmesreceptai.lt\/index.php\/wp-json\/wp\/v2\/posts\/1655","targetHints":{"allow":["GET"]}}],"collection":[{"href":"https:\/\/sekmesreceptai.lt\/index.php\/wp-json\/wp\/v2\/posts"}],"about":[{"href":"https:\/\/sekmesreceptai.lt\/index.php\/wp-json\/wp\/v2\/types\/post"}],"author":[{"embeddable":true,"href":"https:\/\/sekmesreceptai.lt\/index.php\/wp-json\/wp\/v2\/users\/1"}],"replies":[{"embeddable":true,"href":"https:\/\/sekmesreceptai.lt\/index.php\/wp-json\/wp\/v2\/comments?post=1655"}],"version-history":[{"count":0,"href":"https:\/\/sekmesreceptai.lt\/index.php\/wp-json\/wp\/v2\/posts\/1655\/revisions"}],"wp:featuredmedia":[{"embeddable":true,"href":"https:\/\/sekmesreceptai.lt\/index.php\/wp-json\/wp\/v2\/media\/829"}],"wp:attachment":[{"href":"https:\/\/sekmesreceptai.lt\/index.php\/wp-json\/wp\/v2\/media?parent=1655"}],"wp:term":[{"taxonomy":"category","embeddable":true,"href":"https:\/\/sekmesreceptai.lt\/index.php\/wp-json\/wp\/v2\/categories?post=1655"},{"taxonomy":"post_tag","embeddable":true,"href":"https:\/\/sekmesreceptai.lt\/index.php\/wp-json\/wp\/v2\/tags?post=1655"}],"curies":[{"name":"wp","href":"https:\/\/api.w.org\/{rel}","templated":true}]}}