{"id":1631,"date":"2025-02-02T15:12:10","date_gmt":"2025-02-02T15:12:10","guid":{"rendered":"https:\/\/sekmesreceptai.lt\/index.php\/2025\/02\/02\/ar-turetumete-imtis-federalinio-ispirkimo-ekspertai-sako-ne\/"},"modified":"2025-02-02T15:12:10","modified_gmt":"2025-02-02T15:12:10","slug":"ar-turetumete-imtis-federalinio-ispirkimo-ekspertai-sako-ne","status":"publish","type":"post","link":"https:\/\/sekmesreceptai.lt\/index.php\/2025\/02\/02\/ar-turetumete-imtis-federalinio-ispirkimo-ekspertai-sako-ne\/","title":{"rendered":"Ar tur\u0117tum\u0117te imtis federalinio i\u0161pirkimo? Ekspertai sako ne"},"content":{"rendered":"<p> <br \/>\n<\/p>\n<div>\n<p>Jei esate vienas i\u0161 daugiau nei 2 milijon\u0173 federalini\u0173 darbuotoj\u0173, gavusi\u0173 el. Lai\u0161k\u0105 \u201eFork in the Road\u201c, tikriausiai jums \u012fdomu, i\u0161 kur eiti. Naujoji administracija yra suinteresuota atlikti didelius federalin\u0117s vyriausyb\u0117s pakeitimus, kai prezidentas Trumpas pasira\u0161\u0117 vykdomuosius \u012fsakymus pa\u0161alinti apsaug\u0105 nuo federalini\u0173 darbuotoj\u0173, priversti gr\u012f\u017eti \u012f pareigas, \u012f\u0161aldymo \u012fdarbinimo ir pabaigos \u012fvairov\u0117s ir \u012ftraukties programas jo inauguracijos dien\u0105. <\/p>\n<p>Savanori\u0161kas atsistatydinimas gali atrodyti kaip puiki alternatyva, kai reikia likti darbe su tiek daug ne\u017einom\u0173 asmen\u0173. Ta\u010diau prie\u0161 atsisakant laivo svarbu \u012fsitikinti, kad gelb\u0117jimo valtys yra tinkamos j\u016bros. \u0160iuo atveju reikia \u017einoti kelet\u0105 skyli\u0173. <\/p>\n<div id=\"ez-toc-container\" class=\"ez-toc-v2_0_82_2 counter-hierarchy ez-toc-counter ez-toc-grey ez-toc-container-direction\">\n<div class=\"ez-toc-title-container\">\n<p class=\"ez-toc-title\" style=\"cursor:inherit\">Turinys:<\/p>\n<span class=\"ez-toc-title-toggle\"><a href=\"#\" class=\"ez-toc-pull-right ez-toc-btn ez-toc-btn-xs ez-toc-btn-default ez-toc-toggle\" aria-label=\"Toggle Table of Content\"><span class=\"ez-toc-js-icon-con\"><span class=\"\"><span class=\"eztoc-hide\" style=\"display:none;\">Toggle<\/span><span class=\"ez-toc-icon-toggle-span\"><svg style=\"fill: #999;color:#999\" xmlns=\"http:\/\/www.w3.org\/2000\/svg\" class=\"list-377408\" width=\"20px\" height=\"20px\" viewBox=\"0 0 24 24\" fill=\"none\"><path d=\"M6 6H4v2h2V6zm14 0H8v2h12V6zM4 11h2v2H4v-2zm16 0H8v2h12v-2zM4 16h2v2H4v-2zm16 0H8v2h12v-2z\" fill=\"currentColor\"><\/path><\/svg><svg style=\"fill: #999;color:#999\" class=\"arrow-unsorted-368013\" xmlns=\"http:\/\/www.w3.org\/2000\/svg\" width=\"10px\" height=\"10px\" viewBox=\"0 0 24 24\" version=\"1.2\" baseProfile=\"tiny\"><path d=\"M18.2 9.3l-6.2-6.3-6.2 6.3c-.2.2-.3.4-.3.7s.1.5.3.7c.2.2.4.3.7.3h11c.3 0 .5-.1.7-.3.2-.2.3-.5.3-.7s-.1-.5-.3-.7zM5.8 14.7l6.2 6.3 6.2-6.3c.2-.2.3-.5.3-.7s-.1-.5-.3-.7c-.2-.2-.4-.3-.7-.3h-11c-.3 0-.5.1-.7.3-.2.2-.3.5-.3.7s.1.5.3.7z\"\/><\/svg><\/span><\/span><\/span><\/a><\/span><\/div>\n<nav><ul class='ez-toc-list ez-toc-list-level-1 ' ><li class='ez-toc-page-1 ez-toc-heading-level-2'><a class=\"ez-toc-link ez-toc-heading-1\" href=\"https:\/\/sekmesreceptai.lt\/index.php\/2025\/02\/02\/ar-turetumete-imtis-federalinio-ispirkimo-ekspertai-sako-ne\/#Pasiulymas_ant_stalo\" >Pasi\u016blymas ant stalo<\/a><ul class='ez-toc-list-level-3' ><li class='ez-toc-heading-level-3'><a class=\"ez-toc-link ez-toc-heading-2\" href=\"https:\/\/sekmesreceptai.lt\/index.php\/2025\/02\/02\/ar-turetumete-imtis-federalinio-ispirkimo-ekspertai-sako-ne\/#Ar_tai_ispirkimas\" >Ar tai i\u0161pirkimas?<\/a><\/li><li class='ez-toc-page-1 ez-toc-heading-level-3'><a class=\"ez-toc-link ez-toc-heading-3\" href=\"https:\/\/sekmesreceptai.lt\/index.php\/2025\/02\/02\/ar-turetumete-imtis-federalinio-ispirkimo-ekspertai-sako-ne\/#Pasiulymo_pagrindai\" >Pasi\u016blymo pagrindai<\/a><\/li><\/ul><\/li><li class='ez-toc-page-1 ez-toc-heading-level-2'><a class=\"ez-toc-link ez-toc-heading-4\" href=\"https:\/\/sekmesreceptai.lt\/index.php\/2025\/02\/02\/ar-turetumete-imtis-federalinio-ispirkimo-ekspertai-sako-ne\/#Kas_itrauktas_ir_neitrauktas_is_pasiulymo\" >Kas \u012ftrauktas (ir ne\u012ftrauktas) i\u0161 pasi\u016blymo?<\/a><\/li><li class='ez-toc-page-1 ez-toc-heading-level-2'><a class=\"ez-toc-link ez-toc-heading-5\" href=\"https:\/\/sekmesreceptai.lt\/index.php\/2025\/02\/02\/ar-turetumete-imtis-federalinio-ispirkimo-ekspertai-sako-ne\/#Kodel_pateikiamas_pasiulymas\" >Kod\u0117l pateikiamas pasi\u016blymas?<\/a><\/li><li class='ez-toc-page-1 ez-toc-heading-level-2'><a class=\"ez-toc-link ez-toc-heading-6\" href=\"https:\/\/sekmesreceptai.lt\/index.php\/2025\/02\/02\/ar-turetumete-imtis-federalinio-ispirkimo-ekspertai-sako-ne\/#Ar_turetumete_priimti_pasiulyma\" >Ar tur\u0117tum\u0117te priimti pasi\u016blym\u0105?<\/a><ul class='ez-toc-list-level-3' ><li class='ez-toc-heading-level-3'><a class=\"ez-toc-link ez-toc-heading-7\" href=\"https:\/\/sekmesreceptai.lt\/index.php\/2025\/02\/02\/ar-turetumete-imtis-federalinio-ispirkimo-ekspertai-sako-ne\/#Sajungos_tvirtai_priestarauja\" >S\u0105jungos tvirtai prie\u0161tarauja<\/a><\/li><li class='ez-toc-page-1 ez-toc-heading-level-3'><a class=\"ez-toc-link ez-toc-heading-8\" href=\"https:\/\/sekmesreceptai.lt\/index.php\/2025\/02\/02\/ar-turetumete-imtis-federalinio-ispirkimo-ekspertai-sako-ne\/#Isrinkti_atstovai_perspeja\" >I\u0161rinkti atstovai persp\u0117ja<\/a><\/li><li class='ez-toc-page-1 ez-toc-heading-level-3'><a class=\"ez-toc-link ez-toc-heading-9\" href=\"https:\/\/sekmesreceptai.lt\/index.php\/2025\/02\/02\/ar-turetumete-imtis-federalinio-ispirkimo-ekspertai-sako-ne\/#Advokatai_sako_kad_nera_teisinio_precedento_kuris_palaikytu_pasiulyma_ar_garantuo\" >Advokatai sako, kad n\u0117ra teisinio precedento, kuris palaikyt\u0173 pasi\u016blym\u0105 ar garantuo<\/a><\/li><\/ul><\/li><\/ul><\/nav><\/div>\n<h2 class=\"wp-block-heading\" id=\"h-the-offer-on-the-table-nbsp\"><span class=\"ez-toc-section\" id=\"Pasiulymas_ant_stalo\"><\/span>Pasi\u016blymas ant stalo <span class=\"ez-toc-section-end\"><\/span><\/h2>\n<h3 class=\"wp-block-heading\" id=\"h-is-it-a-buyout\"><span class=\"ez-toc-section\" id=\"Ar_tai_ispirkimas\"><\/span>Ar tai i\u0161pirkimas?<span class=\"ez-toc-section-end\"><\/span><\/h3>\n<p>Nors daugelis politik\u0173 \u0161\u012f pasi\u016blym\u0105 vadina i\u0161pirkimu, dauguma teisinink\u0173 ir teis\u0117s ekspert\u0173 nesutiko, kad tai yra teisingas terminas. Federalinis u\u017eimtumo advokatas Justinas Schnitzeris sako: \u201eTai n\u0117ra i\u0161pirkimas. Tai n\u0117ra i\u0161eitis \u201c, &#8211; kol \u012fdarbinimo advokatas Jamesas Plunkettas\u201e Bloomberg \u201c\u017eurnalistui sak\u0117:\u201e A\u0161 visada einu \u012f tekst\u0105 ir jie vadina j\u012f atid\u0117tu atsistatydinimu. Taigi tai a\u0161 tai pavadin\u010diau \u201c. <\/p>\n<h3 class=\"wp-block-heading\" id=\"h-the-basics-of-the-offer\"><span class=\"ez-toc-section\" id=\"Pasiulymo_pagrindai\"><\/span>Pasi\u016blymo pagrindai<span class=\"ez-toc-section-end\"><\/span><\/h3>\n<p>I\u0161 pirmo \u017evilgsnio pasi\u016blymas, pateiktas el. Pa\u0161to adresu \u201eFork in Road\u201c, skamba perspektyviai. Kiekvienas, kuris nusprend\u017eia atsistatydinti nuo sausio 28 d. Iki vasario 6 d., Gali pasiimti \u201eatid\u0117to atsistatydinimo pasi\u016blym\u0105\u201c. Taip pat greitai ir neskausminga. Nereikia joki\u0173 sud\u0117ting\u0173 dokument\u0173 ar i\u0161\u0117jimo interviu &#8211; tik \u201eatsakymas\u201c \u012f el. Lai\u0161k\u0105 su \u017eod\u017eiu \u201eAtsistatykite\u201c. <\/p>\n<p>Pasi\u016blyme teigiama, kad kiekvienam, kuris j\u012f priima, bus mokamas visas atlyginimas ir i\u0161mokos iki 2025 m. Rugs\u0117jo 30 d. Ir jam nebus taikoma mandatas \u201eGr\u0105\u017einimas \u012f biur\u0105\u201c. Tai rei\u0161kia, kad darbuotojams per t\u0105 laik\u0105 nereik\u0117s atlikti savo darbo nuotoliniu b\u016bdu, pavaizduodami a\u0161tuonis apmokamus m\u0117nesius kaip ilgesnes atostogas keliose JAV personalo vadybos biuro (OPM) DUK puslapyje. Ta\u010diau d\u0117l neai\u0161kios pasi\u016blyme naudojamos kalbos neai\u0161ku, ar taip yra, ir dar ma\u017eiau ai\u0161ku, ar yra koki\u0173 nors teisini\u0173 precedent\u0173 ar garantija d\u0117l susitarimo \u012fvykdyto. <\/p>\n<p>Be to, pri\u0117m\u0119 pasi\u016blym\u0105, darbuotojai sutinka pasira\u0161yti \u012ftraukt\u0105 i\u0161 anksto para\u0161yt\u0105 atsistatydinimo lai\u0161k\u0105, kuriame yra neai\u0161ki kalbos Pareigos ir u\u017eduotys, suma\u017eina mano oficialias pareigas ir (arba) pateikdama man mokamas administracines atostogas iki mano atsistatydinimo dienos. \u201c <\/p>\n<p>Vartojama kalba daro dviprasmi\u0161k\u0105, nesvarbu, ar tai rei\u0161kia, kad tie, kurie priima pasi\u016blym\u0105, vis tiek gali b\u016bti atleid\u017eiamas ar atleid\u017eiamas laikinai, taip prarandant atlyginim\u0105 ir naud\u0105 daug anks\u010diau, nei tik\u0117tasi. Nors buvo numanoma, kad darbuotojams gali b\u016bti suteikta administracini\u0173 atostog\u0173, jei \u0161i pozicija bus panaikinta, \u0161iuo metu federaliniams darbuotojams n\u0117ra legalu, kad per vienerius metus b\u016bt\u0173 daugiau nei 10 dien\u0173 administracin\u0117s atostogos. <\/p>\n<picture decoding=\"async\"><source type=\"image\/webp\" srcset=\"https:\/\/www.success.com\/wp-content\/uploads\/2024\/12\/LeadershipLab_inline@2x.png.webp\"\/>\n<\/picture>\n<h2 class=\"wp-block-heading\" id=\"h-who-is-included-and-excluded-from-the-offer\"><span class=\"ez-toc-section\" id=\"Kas_itrauktas_ir_neitrauktas_is_pasiulymo\"><\/span>Kas \u012ftrauktas (ir ne\u012ftrauktas) i\u0161 pasi\u016blymo?<span class=\"ez-toc-section-end\"><\/span><\/h2>\n<p>Visiems etatiniams federaliniams darbuotojams si\u016bloma galimyb\u0117 pasiimti atid\u0117t\u0105 atsistatydinim\u0105, i\u0161skyrus \u0161ias sritis: <\/p>\n<ul class=\"wp-block-list\">\n<li>Ginkluot\u0173j\u0173 paj\u0117g\u0173 kari\u0161kiai<\/li>\n<li>JAV pa\u0161to paslaug\u0173 darbuotojai<\/li>\n<li>Pozicijos, susijusios su imigracijos vykdymu <\/li>\n<li>Pozicijos, susijusios su nacionaliniu saugumu <\/li>\n<\/ul>\n<p>Be to, agent\u016bros gali ne\u012ftraukti konkre\u010di\u0173 pozicij\u0173 nuo atid\u0117to atsistatydinimo savo nuo\u017ei\u016bra. <\/p>\n<h2 class=\"wp-block-heading\" id=\"h-why-is-the-offer-being-made\"><span class=\"ez-toc-section\" id=\"Kodel_pateikiamas_pasiulymas\"><\/span>Kod\u0117l pateikiamas pasi\u016blymas?<span class=\"ez-toc-section-end\"><\/span><\/h2>\n<p>Anot OPM, pasi\u016blymas yra bandymas leisti darbuotojams \u201epasitraukti i\u0161 federalin\u0117s vyriausyb\u0117s tokiomis s\u0105lygomis, kurios suteikia (joms) pakankamai laiko ir ekonomin\u012f saugum\u0105, kad b\u016bt\u0173 galima planuoti (j\u0173) ateit\u012f ir tur\u0117ti gra\u017eias atostogas\u201c. Naujoji administracija jau pa\u017ead\u0117jo drasti\u0161kai suma\u017einti federalin\u0119 darbo j\u0117g\u0105, o i\u0161pirkimas laikomas kaip b\u016bdas leisti \u017emon\u0117ms savanori\u0161kai i\u0161vykti kaip pirmas \u017eingsnis. <\/p>\n<p>I\u0161pirkimas n\u0117ra nauja koncepcija ir da\u017enai naudojama priva\u010diame sektoriuje. Ta\u010diau federalin\u0117s vyriausyb\u0117s atveju pasi\u016blymo prie\u017eastis gali b\u016bti ne tik tam, kad su\u0161velnint\u0173 emocin\u012f darbo j\u0117gos ma\u017einimo poveik\u012f. Tre\u010diadien\u012f kalb\u0117damas apie i\u0161pirkim\u0105 su \u017eurnalistais, prane\u0161\u0117jas Mike&#8217;as Johnsonas teig\u0117, kad palaiko i\u0161pirkim\u0105, pa\u017eym\u0117damas, kad \u201edrasti\u0161kas laikas reikalauja drasti\u0161k\u0173 priemoni\u0173\u201c. Toliau jis pasak\u0117, kad \u0161iuo metu viskas yra: \u201eNaujasis prezidentas negali \u012feiti ir tiesiog eiti \u012f agent\u016br\u0105 ir sakyti Vietos. Bet jam neleid\u017eiama to daryti pagal \u012fstatymus. \u201c<\/p>\n<p>Schnitzeris sako: \u201ePrezidentas bando atsisakyti tinkamo proceso\u201c. Dauguma federalini\u0173 darbo viet\u0173 n\u0117ra laikoma darbu, kuris i\u0161 esm\u0117s rei\u0161kia, kad norint atleisti vyriausyb\u0117s darbuotoj\u0105, turi b\u016bti \u012frodyta prie\u017eastis ir dokumentais patvirtinti veiksmai. Papildomos apsaugos yra d\u0117l prie\u017easties &#8211; kad valstyb\u0117s tarnautojai b\u016bt\u0173 neutral\u016bs ir laisvi nuo naujai i\u0161rinkt\u0173 pareig\u016bn\u0173 \u012ftakos. Jei darbuotojas nusprend\u017eia atsistatydinti, jie rizikuoja prarasti daugel\u012f \u0161i\u0173 apsaugos priemoni\u0173. <\/p>\n<h2 class=\"wp-block-heading\" id=\"h-should-you-take-the-offer-nbsp\"><span class=\"ez-toc-section\" id=\"Ar_turetumete_priimti_pasiulyma\"><\/span>Ar tur\u0117tum\u0117te priimti pasi\u016blym\u0105? <span class=\"ez-toc-section-end\"><\/span><\/h2>\n<p>Nors visi tur\u0117t\u0173 patys priimti sprendim\u0105 d\u0117l savo asmenini\u0173 aplinkybi\u0173, prie\u0161 priimant tok\u012f pasi\u016blym\u0105 yra daug prie\u017eas\u010di\u0173 pagalvoti du kartus. <\/p>\n<h3 class=\"wp-block-heading\" id=\"h-labor-unions-are-firmly-against-it\"><span class=\"ez-toc-section\" id=\"Sajungos_tvirtai_priestarauja\"><\/span>S\u0105jungos tvirtai prie\u0161tarauja<span class=\"ez-toc-section-end\"><\/span><\/h3>\n<p>Nacionalin\u0117s i\u017edo darbuotoj\u0173 s\u0105jungos (NTEU) prezidento (NTEU) el. Lai\u0161kas teig\u0117, kad jie \u201egrie\u017etai ragina (federalinius darbuotojus) nesiimti \u0161io tariamo\u201e susitarimo \u201c. Tai n\u0117ra gerai nei jums, nei Amerikos \u017emon\u0117ms. \u201c Jie persp\u0117jo narius, kad \u201en\u0117ra garantijos, k\u0105 jie padarys, arba kad tai gali b\u016bti vykdoma, jei atsistatydini\u201c. <\/p>\n<h3 class=\"wp-block-heading\" id=\"h-elected-representatives-warn-there-is-no-budget-approved-to-fulfill-the-promises-of-the-offer\"><span class=\"ez-toc-section\" id=\"Isrinkti_atstovai_perspeja\"><\/span>I\u0161rinkti atstovai persp\u0117ja<span class=\"ez-toc-section-end\"><\/span><\/h3>\n<p>Senatas Timas Kaine&#8217;as Senato auk\u0161te antradien\u012f sak\u0117: \u201ePrezidentas neturi \u012fgaliojim\u0173 pateikti (atid\u0117to atsistatydinimo) pasi\u016blymo. N\u0117ra biud\u017eeto eilut\u0117s, skirtos mok\u0117ti \u017emon\u0117ms, kurie nepasirodo u\u017e darb\u0105. \u201c <\/p>\n<p>Senjoras Sheldonas Whitehouse&#8217;as ra\u0161\u0117, kad \u0161iuo metu n\u0117ra patvirtinto federalinio biud\u017eeto met\u0173 ir paai\u0161kino, kad i\u0161pirkimo institucija yra ribojama iki 25 000 USD (o tai b\u016bt\u0173 labai ir pakartotinai vir\u0161ijama, jei darbuotojams i\u0161 tikr\u0173j\u0173 bus suteiktos a\u0161tuoni\u0173 m\u0117nesi\u0173 mokam\u0173 atostog\u0173). <\/p>\n<h3 class=\"wp-block-heading\" id=\"h-lawyers-say-there-is-no-legal-precedent-to-support-the-offer-or-guarantee-its-fulfillment\"><span class=\"ez-toc-section\" id=\"Advokatai_sako_kad_nera_teisinio_precedento_kuris_palaikytu_pasiulyma_ar_garantuo\"><\/span>Advokatai sako, kad n\u0117ra teisinio precedento, kuris palaikyt\u0173 pasi\u016blym\u0105 ar garantuo<span class=\"ez-toc-section-end\"><\/span><\/h3>\n<p>Schnitzeris persp\u0117jo, kad pasi\u016blymo dviprasmi\u0161kumas kelia daug klausim\u0173 ir kad agent\u016bros grei\u010diausiai atsisako prid\u0117ti bet kok\u012f ai\u0161kum\u0105, kad i\u0161vengt\u0173 bylin\u0117jimosi. Schnitzeris prid\u016br\u0117, kad nors darbuotojai paprastai gali bet kada at\u0161aukti atsistatydinim\u0105 iki \u012fsigaliojimo dienos, atrodo, kad \u010dia taip bus. <\/p>\n<p>Atrodo, kad OPM DUK puslapis sutinka su \u0161iuo vertinimu, teigdamas: \u201eProgramos tikslas yra greitai pereiti prie konsolidavimo ir (arba) priskyrimo vaidmenims, o daugeliu atvej\u0173 darbuotojai yra skirti administracin\u0117ms atostogoms, o tai grei\u010diausiai b\u016bt\u0173 pagr\u012fsta prie\u017eastis paneigti deklaracij\u0105. pra\u0161ymai \u201c.<\/p>\n<p class=\"has-small-font-size\"><em>Fizkes\/Shutterstock nuotrauka<\/em><\/p>\n<\/p><\/div>\n<p><script>\n!function(f,b,e,v,n,t,s)\n{if(f.fbq)return;n=f.fbq=function(){n.callMethod?\nn.callMethod.apply(n,arguments):n.queue.push(arguments)};\nif(!f._fbq)f._fbq=n;n.push=n;n.loaded=!0;n.version='2.0';\nn.queue=();t=b.createElement(e);t.async=!0;\nt.src=v;s=b.getElementsByTagName(e)(0);\ns.parentNode.insertBefore(t,s)}(window, document,'script',\n'https:\/\/connect.facebook.net\/en_US\/fbevents.js');\nfbq('init', '771015053018992');\nfbq('track', 'PageView');\n<\/script><br \/>\n<br \/><br \/>\n<br \/><a href=\"https:\/\/www.success.com\/federal-buyout-experts-warn\/\">Source link <\/a><\/p>\n","protected":false},"excerpt":{"rendered":"<p>Jei esate vienas i\u0161 daugiau nei 2 milijon\u0173 federalini\u0173 darbuotoj\u0173, gavusi\u0173 el. Lai\u0161k\u0105 \u201eFork in&#8230;<\/p>\n","protected":false},"author":1,"featured_media":1632,"comment_status":"","ping_status":"","sticky":false,"template":"","format":"standard","meta":{"om_disable_all_campaigns":false,"_monsterinsights_skip_tracking":false,"_monsterinsights_sitenote_active":false,"_monsterinsights_sitenote_note":"","_monsterinsights_sitenote_category":0,"footnotes":""},"categories":[4],"tags":[2880,3100,3099,3101,649,1850],"class_list":["post-1631","post","type-post","status-publish","format-standard","has-post-thumbnail","hentry","category-sekmes-istorijos-patarimai","tag-ekspertai","tag-federalinio","tag-imtis","tag-ispirkimo","tag-sako","tag-turetumete"],"aioseo_notices":[],"_links":{"self":[{"href":"https:\/\/sekmesreceptai.lt\/index.php\/wp-json\/wp\/v2\/posts\/1631","targetHints":{"allow":["GET"]}}],"collection":[{"href":"https:\/\/sekmesreceptai.lt\/index.php\/wp-json\/wp\/v2\/posts"}],"about":[{"href":"https:\/\/sekmesreceptai.lt\/index.php\/wp-json\/wp\/v2\/types\/post"}],"author":[{"embeddable":true,"href":"https:\/\/sekmesreceptai.lt\/index.php\/wp-json\/wp\/v2\/users\/1"}],"replies":[{"embeddable":true,"href":"https:\/\/sekmesreceptai.lt\/index.php\/wp-json\/wp\/v2\/comments?post=1631"}],"version-history":[{"count":0,"href":"https:\/\/sekmesreceptai.lt\/index.php\/wp-json\/wp\/v2\/posts\/1631\/revisions"}],"wp:featuredmedia":[{"embeddable":true,"href":"https:\/\/sekmesreceptai.lt\/index.php\/wp-json\/wp\/v2\/media\/1632"}],"wp:attachment":[{"href":"https:\/\/sekmesreceptai.lt\/index.php\/wp-json\/wp\/v2\/media?parent=1631"}],"wp:term":[{"taxonomy":"category","embeddable":true,"href":"https:\/\/sekmesreceptai.lt\/index.php\/wp-json\/wp\/v2\/categories?post=1631"},{"taxonomy":"post_tag","embeddable":true,"href":"https:\/\/sekmesreceptai.lt\/index.php\/wp-json\/wp\/v2\/tags?post=1631"}],"curies":[{"name":"wp","href":"https:\/\/api.w.org\/{rel}","templated":true}]}}