{"id":1621,"date":"2025-02-01T13:10:37","date_gmt":"2025-02-01T13:10:37","guid":{"rendered":"https:\/\/sekmesreceptai.lt\/index.php\/2025\/02\/01\/sventes-kai-minia-pasveikino-islaisvinus-palestinos-kalinius-vakaru-krante\/"},"modified":"2025-02-01T13:10:37","modified_gmt":"2025-02-01T13:10:37","slug":"sventes-kai-minia-pasveikino-islaisvinus-palestinos-kalinius-vakaru-krante","status":"publish","type":"post","link":"https:\/\/sekmesreceptai.lt\/index.php\/2025\/02\/01\/sventes-kai-minia-pasveikino-islaisvinus-palestinos-kalinius-vakaru-krante\/","title":{"rendered":"\u0160vent\u0117s, kai minia pasveikino i\u0161laisvinus Palestinos kalinius Vakar\u0173 Krante"},"content":{"rendered":"<p> <br \/>\n<\/p>\n<div>\n<p class=\"sc-eb7bd5f6-0 fYAfXe\">\u0160e\u0161tadien\u012f buvo pasveikintas Autobusas, gabenantis palestinie\u010di\u0173 kalinius, buvo pasveikintas su \u0161vent\u0117mis Ramallah mieste, okupuotame Vakar\u0173 Krante.<!-- --><\/p>\n<p class=\"sc-eb7bd5f6-0 fYAfXe\">Tai ne\u0161\u0117 tuos, kurie buvo paleisti i\u0161 Oferio kal\u0117jimo, Izraelyje.<!-- --><\/p>\n<p class=\"sc-eb7bd5f6-0 fYAfXe\">I\u0161 viso Izraelis paleido 183 kalinius &#8211; daugelis atvyko i\u0161 Oferio kal\u0117jimo. Mainais anks\u010diau \u201eHamas\u201c i\u0161leido tris Izraelio \u012fkaitus, kurie buvo i\u0161ve\u017eti \u012f Gaz\u0105 2023 m. Spalio 7 d.<!-- --><\/p>\n<\/div>\n<p><br \/>\n<br \/><a href=\"https:\/\/www.bbc.com\/news\/videos\/cednwn9z4deo\">Source link <\/a><\/p>\n","protected":false},"excerpt":{"rendered":"<p>\u0160e\u0161tadien\u012f buvo pasveikintas Autobusas, gabenantis palestinie\u010di\u0173 kalinius, buvo pasveikintas su \u0161vent\u0117mis Ramallah mieste, okupuotame Vakar\u0173&#8230;<\/p>\n","protected":false},"author":1,"featured_media":1622,"comment_status":"","ping_status":"","sticky":false,"template":"","format":"standard","meta":{"om_disable_all_campaigns":false,"_monsterinsights_skip_tracking":false,"_monsterinsights_sitenote_active":false,"_monsterinsights_sitenote_note":"","_monsterinsights_sitenote_category":0,"footnotes":""},"categories":[5],"tags":[3076,473,2814,3078,2564,3077,3075,2861,424],"class_list":["post-1621","post","type-post","status-publish","format-standard","has-post-thumbnail","hentry","category-pasaulio-naujienos","tag-islaisvinus","tag-kai","tag-kalinius","tag-krante","tag-minia","tag-palestinos","tag-pasveikino","tag-sventes","tag-vakaru"],"aioseo_notices":[],"_links":{"self":[{"href":"https:\/\/sekmesreceptai.lt\/index.php\/wp-json\/wp\/v2\/posts\/1621","targetHints":{"allow":["GET"]}}],"collection":[{"href":"https:\/\/sekmesreceptai.lt\/index.php\/wp-json\/wp\/v2\/posts"}],"about":[{"href":"https:\/\/sekmesreceptai.lt\/index.php\/wp-json\/wp\/v2\/types\/post"}],"author":[{"embeddable":true,"href":"https:\/\/sekmesreceptai.lt\/index.php\/wp-json\/wp\/v2\/users\/1"}],"replies":[{"embeddable":true,"href":"https:\/\/sekmesreceptai.lt\/index.php\/wp-json\/wp\/v2\/comments?post=1621"}],"version-history":[{"count":0,"href":"https:\/\/sekmesreceptai.lt\/index.php\/wp-json\/wp\/v2\/posts\/1621\/revisions"}],"wp:featuredmedia":[{"embeddable":true,"href":"https:\/\/sekmesreceptai.lt\/index.php\/wp-json\/wp\/v2\/media\/1622"}],"wp:attachment":[{"href":"https:\/\/sekmesreceptai.lt\/index.php\/wp-json\/wp\/v2\/media?parent=1621"}],"wp:term":[{"taxonomy":"category","embeddable":true,"href":"https:\/\/sekmesreceptai.lt\/index.php\/wp-json\/wp\/v2\/categories?post=1621"},{"taxonomy":"post_tag","embeddable":true,"href":"https:\/\/sekmesreceptai.lt\/index.php\/wp-json\/wp\/v2\/tags?post=1621"}],"curies":[{"name":"wp","href":"https:\/\/api.w.org\/{rel}","templated":true}]}}