{"id":1413,"date":"2025-01-08T11:55:02","date_gmt":"2025-01-08T11:55:02","guid":{"rendered":"https:\/\/sekmesreceptai.lt\/index.php\/2025\/01\/08\/jav-kaltina-sudano-rsf-genocidu-ir-taiko-sankcijas-jos-lyderiui-mohamedui-dagalo\/"},"modified":"2025-01-08T11:55:02","modified_gmt":"2025-01-08T11:55:02","slug":"jav-kaltina-sudano-rsf-genocidu-ir-taiko-sankcijas-jos-lyderiui-mohamedui-dagalo","status":"publish","type":"post","link":"https:\/\/sekmesreceptai.lt\/index.php\/2025\/01\/08\/jav-kaltina-sudano-rsf-genocidu-ir-taiko-sankcijas-jos-lyderiui-mohamedui-dagalo\/","title":{"rendered":"JAV kaltina Sudano RSF genocidu ir taiko sankcijas jos lyderiui Mohamedui Dagalo"},"content":{"rendered":"<p> <br \/>\n<\/p>\n<div data-component=\"text-block\">\n<p class=\"sc-eb7bd5f6-0 fYAfXe\">JAV apkaltino Sudano sukarintas greitosios paramos paj\u0117gas (RSF) vykdant genocid\u0105 ir \u012fved\u0117 sankcijas savo lyderiui.<!-- --><\/p>\n<p class=\"sc-eb7bd5f6-0 fYAfXe\">JAV valstyb\u0117s sekretorius Antony Blinken antradien\u012f sak\u0117, kad Mohamedas Hamdanas Dagalo, taip pat \u017einomas kaip Hemedti, buvo nubaustas u\u017e vaidmen\u012f \u201esisteminguose\u201c \u017eiaurumuose prie\u0161 Sudano \u017emones per 20 m\u0117nesi\u0173 trunkant\u012f konflikt\u0105.<!-- --><\/p>\n<p class=\"sc-eb7bd5f6-0 fYAfXe\">Jis sak\u0117, kad RSF ir s\u0105junginink\u0173 karin\u0117s paj\u0117gos yra atsakingos u\u017e \u201evyr\u0173 ir berniuk\u0173 \u2013 net k\u016bdiki\u0173\u201c \u017emog\u017eudystes, taip pat \u017eiaur\u0173 seksualin\u012f smurt\u0105 prie\u0161 moteris d\u0117l etnini\u0173 prie\u017eas\u010di\u0173.<!-- --><\/p>\n<p class=\"sc-eb7bd5f6-0 fYAfXe\">Sukarintos grupuot\u0117s taip pat taik\u0117si \u012f b\u0117gan\u010dius civilius ir nu\u017eud\u0117 nekaltus \u017emones, pab\u0117gan\u010dius nuo konflikto, sak\u0117 Blinkenas.<!-- --><\/p>\n<\/div>\n<div data-component=\"text-block\">\n<p class=\"sc-eb7bd5f6-0 fYAfXe\">\u201eRemdamasis \u0161ia informacija, a\u0161 padariau i\u0161vad\u0105, kad RSF ir s\u0105junginink\u0173 karin\u0117s paj\u0117gos \u012fvykd\u0117 genocid\u0105 Sudane\u201c, \u2013 sak\u0117 jis.<!-- --><\/p>\n<p class=\"sc-eb7bd5f6-0 fYAfXe\">Reaguodama \u012f tai, RSF apkaltino JAV taikant dvigubus standartus ir nesugeb\u0117jim\u0105 veiksmingai spr\u0119sti tebesit\u0119sian\u010dios kriz\u0117s.<!-- --><\/p>\n<p class=\"sc-eb7bd5f6-0 fYAfXe\">\u201eSprendimas&#8230; i\u0161rei\u0161kia (JAV prezidento Joe) Bideno administracijos nesugeb\u0117jim\u0105 susidoroti su Sudano krize ir dvigubais standartais, kuri\u0173 ji laik\u0117si (atsi\u017evelgiant \u012f kriz\u0119)\u201c, \u2013 prane\u0161ime sak\u0117 Hemedti patar\u0117jas El-Basha Tbaeqas. jo X paskyra.<!-- --><\/p>\n<p class=\"sc-eb7bd5f6-0 fYAfXe\">Jis prid\u016br\u0117, kad tai gali apsunkinti Sudano kriz\u0119 ir trukdyti deryboms d\u0117l pagrindini\u0173 konflikto prie\u017eas\u010di\u0173.<!-- --><\/p>\n<p class=\"sc-eb7bd5f6-0 fYAfXe\">RSF kovoja su Sudano kariuomene nuo 2023 m. baland\u017eio m\u0117n., tod\u0117l kilo vis didesnis pasipiktinimas d\u0117l jos elgesio karo metu.<!-- --><\/p>\n<p class=\"sc-eb7bd5f6-0 fYAfXe\">JAV anks\u010diau buvo nusta\u010diusi, kad RSF ir kitos karin\u0117s grupuot\u0117s dalyvavo karo nusikaltimuose, nusikaltimuose \u017emoni\u0161kumui ir etniniam valymui vakariniame Darf\u016bro regione, kur grupuot\u0117 buvo apkaltinta ne arab\u0173 taikiniu ir \u017eudymu.<!-- --><\/p>\n<p class=\"sc-eb7bd5f6-0 fYAfXe\">Abi \u0161alys buvo apkaltintos \u017eiaurumais, o konfliktas suk\u0117l\u0117 vien\u0105 baisiausi\u0173 humanitarini\u0173 krizi\u0173 pasaulyje.<!-- --><\/p>\n<p class=\"sc-eb7bd5f6-0 fYAfXe\">Gegu\u017e\u0119 JAV specialusis pasiuntinys Sudane Tomas Perriello sak\u0117, kad kai kuriais skai\u010diavimais, per konflikt\u0105 \u017euvo iki 150 000 \u017emoni\u0173.<!-- --><\/p>\n<p class=\"sc-eb7bd5f6-0 fYAfXe\">Pasak ekspert\u0173, keliose \u0161alies dalyse paskelbtas badas, o 24,6 mln. \u017emoni\u0173 \u2013 ma\u017edaug pusei gyventoj\u0173 \u2013 skubiai reikia pagalbos maistu.<!-- --><\/p>\n<p class=\"sc-eb7bd5f6-0 fYAfXe\">Blinkenas sak\u0117, kad nei RSF, nei Sudano kariuomen\u0117 n\u0117ra tinkama valdyti Sudan\u0105.<!-- --><\/p>\n<p class=\"sc-eb7bd5f6-0 fYAfXe\">\u201eAbu kariaujantys asmenys prisiima atsakomyb\u0119 u\u017e smurt\u0105 ir kan\u010dias Sudane ir neturi teis\u0117tumo valdyti b\u016bsim\u0105 taik\u0173 Sudan\u0105\u201c, \u2013 sak\u0117 jis.<!-- --><\/p>\n<p class=\"sc-eb7bd5f6-0 fYAfXe\">Sankcijos draud\u017eia Hemedti ir jo artimiausius \u0161eimos narius lankytis JAV, o bet koks asmeninis turtas ten yra u\u017eblokuotas.<!-- --><\/p>\n<p class=\"sc-eb7bd5f6-0 fYAfXe\">Septynioms RSF priklausan\u010dioms \u012fmon\u0117ms, \u012fsik\u016brusioms Jungtiniuose Arab\u0173 Emyratuose, ir vienam kitam asmeniui taip pat taikomos sankcijos u\u017e pagalb\u0105 sukarintai grupei \u012fsigyti ginkl\u0173.<!-- --><\/p>\n<\/div>\n<p><br \/>\n<br \/><a href=\"https:\/\/www.bbc.com\/news\/articles\/c8j9j72lvdvo\">Source link <\/a><\/p>\n","protected":false},"excerpt":{"rendered":"<p>JAV apkaltino Sudano sukarintas greitosios paramos paj\u0117gas (RSF) vykdant genocid\u0105 ir \u012fved\u0117 sankcijas savo lyderiui&#8230;.<\/p>\n","protected":false},"author":1,"featured_media":1414,"comment_status":"","ping_status":"","sticky":false,"template":"","format":"standard","meta":{"om_disable_all_campaigns":false,"_monsterinsights_skip_tracking":false,"_monsterinsights_sitenote_active":false,"_monsterinsights_sitenote_note":"","_monsterinsights_sitenote_category":0,"footnotes":""},"categories":[5],"tags":[2702,2697,90,1306,2695,2700,2701,2696,2699,1627,2698],"class_list":["post-1413","post","type-post","status-publish","format-standard","has-post-thumbnail","hentry","category-pasaulio-naujienos","tag-dagalo","tag-genocidu","tag-jav","tag-jos","tag-kaltina","tag-lyderiui","tag-mohamedui","tag-rsf","tag-sankcijas","tag-sudano","tag-taiko"],"aioseo_notices":[],"_links":{"self":[{"href":"https:\/\/sekmesreceptai.lt\/index.php\/wp-json\/wp\/v2\/posts\/1413","targetHints":{"allow":["GET"]}}],"collection":[{"href":"https:\/\/sekmesreceptai.lt\/index.php\/wp-json\/wp\/v2\/posts"}],"about":[{"href":"https:\/\/sekmesreceptai.lt\/index.php\/wp-json\/wp\/v2\/types\/post"}],"author":[{"embeddable":true,"href":"https:\/\/sekmesreceptai.lt\/index.php\/wp-json\/wp\/v2\/users\/1"}],"replies":[{"embeddable":true,"href":"https:\/\/sekmesreceptai.lt\/index.php\/wp-json\/wp\/v2\/comments?post=1413"}],"version-history":[{"count":0,"href":"https:\/\/sekmesreceptai.lt\/index.php\/wp-json\/wp\/v2\/posts\/1413\/revisions"}],"wp:featuredmedia":[{"embeddable":true,"href":"https:\/\/sekmesreceptai.lt\/index.php\/wp-json\/wp\/v2\/media\/1414"}],"wp:attachment":[{"href":"https:\/\/sekmesreceptai.lt\/index.php\/wp-json\/wp\/v2\/media?parent=1413"}],"wp:term":[{"taxonomy":"category","embeddable":true,"href":"https:\/\/sekmesreceptai.lt\/index.php\/wp-json\/wp\/v2\/categories?post=1413"},{"taxonomy":"post_tag","embeddable":true,"href":"https:\/\/sekmesreceptai.lt\/index.php\/wp-json\/wp\/v2\/tags?post=1413"}],"curies":[{"name":"wp","href":"https:\/\/api.w.org\/{rel}","templated":true}]}}