{"id":1401,"date":"2025-01-07T11:52:55","date_gmt":"2025-01-07T11:52:55","guid":{"rendered":"https:\/\/sekmesreceptai.lt\/index.php\/2025\/01\/07\/bidenas-susitiko-su-istremtu-venesuelos-opozicijos-lyderiu\/"},"modified":"2025-01-07T11:52:55","modified_gmt":"2025-01-07T11:52:55","slug":"bidenas-susitiko-su-istremtu-venesuelos-opozicijos-lyderiu","status":"publish","type":"post","link":"https:\/\/sekmesreceptai.lt\/index.php\/2025\/01\/07\/bidenas-susitiko-su-istremtu-venesuelos-opozicijos-lyderiu\/","title":{"rendered":"Bidenas susitiko su i\u0161tremtu Venesuelos opozicijos lyderiu"},"content":{"rendered":"<p> <br \/>\n<\/p>\n<div data-component=\"text-block\">\n<p class=\"sc-eb7bd5f6-0 fYAfXe\">JAV prezidentas Joe Bidenas i\u0161tremt\u0105 kandidat\u0105 \u012f Venesuelos opozicij\u0105 Edmundo Gonz\u00e1lez\u0105 pavadino \u201etikruoju \u0161alies prezidento rinkim\u0173 nugal\u0117toju\u201c pra\u0117jusi\u0173 met\u0173 liep\u0105 po susitikimo Baltuosiuose r\u016bmuose. <!-- --><\/p>\n<p class=\"sc-eb7bd5f6-0 fYAfXe\">\u012era\u0161e <!-- -->socialiniuose tinkluose<!-- -->Bidenas sak\u0117, kad Venesuela nusipeln\u0117 \u201etaikaus vald\u017eios perdavimo\u201c. <!-- --><\/p>\n<p class=\"sc-eb7bd5f6-0 fYAfXe\">Gonz\u00e1lezas <!-- -->rugs\u0117j\u012f pab\u0117go \u012f Ispanij\u0105<!-- --> po suirut\u0117s po Venesuelos rinkim\u0173, per kuriuos dabartinis prezidentas Nicol\u00e1s Maduro paskelb\u0117 pergal\u0119 \u2013 tai gin\u010dijosi Gonz\u00e1lezas ir daugelis tarptautin\u0117s bendruomen\u0117s.<!-- --><\/p>\n<p class=\"sc-eb7bd5f6-0 fYAfXe\">Maduro vyriausyb\u0117 \u012f \u0161\u012f susitikim\u0105 reagavo su \u012fnir\u0161iu ir pavadino j\u012f \u201egrotesku\u201c ir apkaltino Biden\u0105 remiant smurtin\u012f antidemokratin\u012f projekt\u0105, prane\u0161a naujien\u0173 agent\u016bra \u201eReuters\u201c. <!-- --><\/p>\n<\/div>\n<div data-component=\"text-block\">\n<p class=\"sc-eb7bd5f6-0 fYAfXe\">\u012etampa \u0161alyje auga art\u0117jant prezidento inauguracijos dienai, kuri numatyta penktadien\u012f, ir Maduro, ir Gonz\u00e1lezas savo \u0161alininkams pasak\u0117, kad bus prisaikdinti. <!-- --><\/p>\n<p class=\"sc-eb7bd5f6-0 fYAfXe\">Maduro vyriausyb\u0117, valdanti nuo 2013 m., i\u0161kviet\u0117 t\u016bkstan\u010dius policinink\u0173 ir atkirto pagrindinius kelius, vedan\u010dius \u012f sostin\u0119 Karakas\u0105, ir tai pla\u010diai vertinama kaip taktika atgrasyti nuo bet koki\u0173 antivyriausybini\u0173 protest\u0173.<!-- --><\/p>\n<p class=\"sc-eb7bd5f6-0 fYAfXe\">Ta\u010diau nuo rugs\u0117jo tremtyje Ispanijoje gyvenantis Gonz\u00e1lezas sako nepaisys jo i\u0161duoto are\u0161to orderio ir gr\u012f\u0161 \u012f t\u0117vyn\u0119, kad prad\u0117t\u0173 eiti pareigas. <!-- --><\/p>\n<p class=\"sc-eb7bd5f6-0 fYAfXe\">Ta\u010diau jis nepateik\u0117 jokios informacijos, kaip planuoja atvykti \u012f Venesuel\u0105, kur vyriausyb\u0117 si\u016blo 100 000 USD (80 000 GBP) atlyg\u012f u\u017e informacij\u0105, d\u0117l kurios jis buvo suimtas.<!-- --><\/p>\n<p class=\"sc-eb7bd5f6-0 fYAfXe\">Gonz\u00e1lezas taip pat nepasak\u0117, kaip planuoja prisiekti, kai Nacionalin\u0117 Asambl\u0117ja \u2013 \u012fstatym\u0173 leid\u017eiamoji institucija, kurioje duodama prezidento priesaika \u2013 tvirtai atsidurs vyriausybei lojali\u0173 rankose. <!-- --><\/p>\n<p class=\"sc-eb7bd5f6-0 fYAfXe\">Vis d\u0117lto opozicija i\u0161liko i\u0161\u0161aukianti ir paragino savo \u0161alininkus ketvirtadien\u012f i\u0161eiti \u012f gatves.<!-- --><\/p>\n<p class=\"sc-eb7bd5f6-0 fYAfXe\">Gonz\u00e1lezo vizitas Baltuosiuose r\u016bmuose \u2013 tai paskutin\u0117 kelion\u0117s, kurios metu jis taip pat susitiko su Argentinos ir Urugvajaus prezidentais, stotel\u0117, sulauk\u0117 ir svarbiausios tarptautin\u0117s paramos. <!-- --><\/p>\n<p class=\"sc-eb7bd5f6-0 fYAfXe\">Visose trijose \u0161alyse j\u012f pasitiko d\u017ei\u016bgaujan\u010dios minios venesuelie\u010di\u0173, i\u0161k\u0117lusi\u0173 i\u0161kabas su u\u017era\u0161u \u201elaisv\u0117\u201c. <!-- --><\/p>\n<p class=\"sc-eb7bd5f6-0 fYAfXe\">Beveik a\u0161tuoni milijonai venesuelie\u010di\u0173 pastaraisiais metais paliko savo t\u0117vyn\u0119, kad i\u0161vengt\u0173 ekonomini\u0173 sunkum\u0173 ir politinio persekiojimo, o daugelis i\u0161 j\u0173 gyvena Lotyn\u0173 Amerikoje ir JAV. <!-- --><\/p>\n<p class=\"sc-eb7bd5f6-0 fYAfXe\">Po pirmadien\u012f \u012fvykusio Bideno susitikimo su Gonz\u00e1lezu Baltieji r\u016bmai parei\u0161k\u0117, kad \u201eatid\u017eiai\u201c reaguos \u012f Venesuelos vald\u017eios atsak\u0105 \u012f ketvirtadien\u012f planuojamus opozicijos protestus. <!-- --><\/p>\n<p class=\"sc-eb7bd5f6-0 fYAfXe\">Po liepos m\u0117n. \u012fvykusi\u0173 rinkim\u0173 t\u016bkstan\u010diai venesuelie\u010di\u0173, kurie i\u0161rei\u0161k\u0117 pykt\u012f d\u0117l Maduro tvirtinimo laim\u0117ti rinkimus, buvo suimti ir apkaltinti \u201eterorizmu\u201c. Daugelis lieka u\u017e grot\u0173.<!-- --><\/p>\n<p class=\"sc-eb7bd5f6-0 fYAfXe\">Opozicijos lyder\u0117 Mar\u00eda Corina Machado, kuriai buvo u\u017edrausta dalyvauti rinkimuose ir kuri met\u0117 savo svor\u012f u\u017e Edmundo Gonz\u00e1lezo, pirmadien\u012f naujien\u0173 agent\u016brai AFP sak\u0117, kad Maduro vyriausybei liko tik baim\u0117.<!-- --><\/p>\n<p class=\"sc-eb7bd5f6-0 fYAfXe\">\u201eJei mes visi, milijonai, i\u0161eitume, kaip keli \u0161imtai ar keli t\u016bkstan\u010diai ginkluot\u0173 \u017emoni\u0173 (vyraut\u0173) prie\u0161 30 milijon\u0173 venesuelie\u010di\u0173? \u2013 paklaus\u0117 ji.<!-- --><\/p>\n<p class=\"sc-eb7bd5f6-0 fYAfXe\">Remdamasi opozicijos pavie\u0161intais balsavimo rezultatais, ji taip pat tvirtino, kad \u201evisas pasaulis \u017eino\u201c, kad Gonz\u00e1lezas yra \u201eteis\u0117tas i\u0161rinktasis prezidentas\u201c.<!-- --><\/p>\n<p class=\"sc-eb7bd5f6-0 fYAfXe\">Gin\u010do d\u0117l to, kas laim\u0117jo rinkimus, centre atsid\u016br\u0117 bals\u0173 sumos \u2013 detalus oficialus kiekvienos balsavimo apylink\u0117s bals\u0173 suskirstymas.<!-- --><\/p>\n<p class=\"sc-eb7bd5f6-0 fYAfXe\">Su vyriausybe suderinta Nacionalin\u0117 rinkim\u0173 taryba liepos 29 d., kit\u0105 dien\u0105 po balsavimo, paskelb\u0117 Maduro nugal\u0117toju, ta\u010diau iki \u0161ios dienos ji nepateik\u0117 suvestini\u0173, patvirtinan\u010di\u0173 savo teigin\u012f.<!-- --><\/p>\n<p class=\"sc-eb7bd5f6-0 fYAfXe\">Padedant akredituotiems rinkim\u0173 liudininkams, opozicijai pavyko surinkti ir paskelbti daugiau nei 80% bals\u0173.<!-- --><\/p>\n<p class=\"sc-eb7bd5f6-0 fYAfXe\">Nepriklausomi steb\u0117tojai ir \u017einiasklaida, \u012fskaitant JAV leidinius \u201eNew York Times\u201c ir CNN, per\u017ei\u016br\u0117jo rezultatus ir teigia, kad rinkimus laim\u0117jo Edmundo Gonz\u00e1lezas, surink\u0119s 67 proc. bals\u0173, o Maduro \u2013 30 proc.<!-- --><\/p>\n<p class=\"sc-eb7bd5f6-0 fYAfXe\">gruod\u012f JT \u017dmogaus teisi\u0173 komitetas <!-- -->\u012fsak\u0117 Venesuela<!-- --> \u201esusilaikyti ir nesunaikinti\u201c balsavimo rezultat\u0173.<!-- --><\/p>\n<\/div>\n<p><br \/>\n<br \/><a href=\"https:\/\/www.bbc.com\/news\/articles\/cp31ellx2nvo\">Source link <\/a><\/p>\n","protected":false},"excerpt":{"rendered":"<p>JAV prezidentas Joe Bidenas i\u0161tremt\u0105 kandidat\u0105 \u012f Venesuelos opozicij\u0105 Edmundo Gonz\u00e1lez\u0105 pavadino \u201etikruoju \u0161alies prezidento&#8230;<\/p>\n","protected":false},"author":1,"featured_media":1402,"comment_status":"","ping_status":"","sticky":false,"template":"","format":"standard","meta":{"om_disable_all_campaigns":false,"_monsterinsights_skip_tracking":false,"_monsterinsights_sitenote_active":false,"_monsterinsights_sitenote_note":"","_monsterinsights_sitenote_category":0,"footnotes":""},"categories":[5],"tags":[483,2672,1644,2674,2671,2673],"class_list":["post-1401","post","type-post","status-publish","format-standard","has-post-thumbnail","hentry","category-pasaulio-naujienos","tag-bidenas","tag-istremtu","tag-lyderiu","tag-opozicijos","tag-susitiko","tag-venesuelos"],"aioseo_notices":[],"_links":{"self":[{"href":"https:\/\/sekmesreceptai.lt\/index.php\/wp-json\/wp\/v2\/posts\/1401","targetHints":{"allow":["GET"]}}],"collection":[{"href":"https:\/\/sekmesreceptai.lt\/index.php\/wp-json\/wp\/v2\/posts"}],"about":[{"href":"https:\/\/sekmesreceptai.lt\/index.php\/wp-json\/wp\/v2\/types\/post"}],"author":[{"embeddable":true,"href":"https:\/\/sekmesreceptai.lt\/index.php\/wp-json\/wp\/v2\/users\/1"}],"replies":[{"embeddable":true,"href":"https:\/\/sekmesreceptai.lt\/index.php\/wp-json\/wp\/v2\/comments?post=1401"}],"version-history":[{"count":0,"href":"https:\/\/sekmesreceptai.lt\/index.php\/wp-json\/wp\/v2\/posts\/1401\/revisions"}],"wp:featuredmedia":[{"embeddable":true,"href":"https:\/\/sekmesreceptai.lt\/index.php\/wp-json\/wp\/v2\/media\/1402"}],"wp:attachment":[{"href":"https:\/\/sekmesreceptai.lt\/index.php\/wp-json\/wp\/v2\/media?parent=1401"}],"wp:term":[{"taxonomy":"category","embeddable":true,"href":"https:\/\/sekmesreceptai.lt\/index.php\/wp-json\/wp\/v2\/categories?post=1401"},{"taxonomy":"post_tag","embeddable":true,"href":"https:\/\/sekmesreceptai.lt\/index.php\/wp-json\/wp\/v2\/tags?post=1401"}],"curies":[{"name":"wp","href":"https:\/\/api.w.org\/{rel}","templated":true}]}}