{"id":1399,"date":"2025-01-06T22:11:14","date_gmt":"2025-01-06T22:11:14","guid":{"rendered":"https:\/\/sekmesreceptai.lt\/index.php\/2025\/01\/06\/g-paluckas-galetu-is-r-zemaitaicio-pareikalauti-savitvardos-kas-vyksta-kaune\/"},"modified":"2025-01-06T22:11:14","modified_gmt":"2025-01-06T22:11:14","slug":"g-paluckas-galetu-is-r-zemaitaicio-pareikalauti-savitvardos-kas-vyksta-kaune","status":"publish","type":"post","link":"https:\/\/sekmesreceptai.lt\/index.php\/2025\/01\/06\/g-paluckas-galetu-is-r-zemaitaicio-pareikalauti-savitvardos-kas-vyksta-kaune\/","title":{"rendered":"G. Paluckas gal\u0117t\u0173 i\u0161 R. \u017demaitai\u010dio pareikalauti savitvardos \u2013 Kas vyksta Kaune"},"content":{"rendered":"<p> <br \/>\n<\/p>\n<div data-id=\"d523694\" data-element_type=\"widget\" data-widget_type=\"theme-post-content.default\">\n<p><strong>Prezidentas Gitanas Naus\u0117da teigia, kad premjeras Gintautas Paluckas gal\u0117t\u0173 pareikalauti tam tikros savitvardos i\u0161 ultimatumus koalicijos partneriams kelian\u010dio \u201eNemuno au\u0161ros\u201c lyderio Remigijaus \u017demaitai\u010dio. \u0160alies vadovas pabr\u0117\u017eia, kad koalicijoje pirmu smuiku grie\u017eia Lietuvos socialdemokrat\u0173 partija (LSDP), tod\u0117l, anot jo, tam tikros korekcijos valdan\u010diojoje daugumoje dideli\u0173 poky\u010di\u0173 ne\u012fne\u0161t\u0173.<\/strong><\/p>\n<p>\u201eA\u0161 manau, kad ir ponas Paluckas gal\u0117t\u0173 labai ai\u0161kiai pareikalauti i\u0161 pono \u017demaitai\u010dio tam tikros savitvardos ir tiesiog orientavimosi \u012f tuos dalykus, kurie svarbiausi Lietuvai\u201c, \u2013 TV3 televizijai sak\u0117 G. Naus\u0117da.<\/p>\n<p>\u201eN\u0117ra taip, kad vienas \u017emogus gal\u0117t\u0173 lemti Lietuvos situacij\u0105. Nors kartais vartant \u017einiasklaidos puslapius man susidaro \u012fsp\u016bdis, kad nieko Lietuvoje \u012fdomaus nevyksta, tik vienos asmenyb\u0117s i\u0161sidirbin\u0117jimai\u201c, \u2013 akcentavo \u0161alies vadovas.<\/p>\n<p>Tod\u0117l G. Naus\u0117da linki did\u017eiausi\u0105 frakcij\u0105 Seime turintiems socialdemokratams daugiau pasitik\u0117ti savimi.<\/p>\n<p>\u201eKoalicijoje pirmu smuiku grie\u017eia socialdemokratai ir a\u0161 nor\u0117\u010diau palink\u0117ti \u0161iai partijai daugiau pasitik\u0117jimo savimi. Nes akivaizdu, kad turint tok\u012f mandat\u0173 skai\u010di\u0173 galima elgtis pakankamai dr\u0105siai ir tikrai vienokia ar kitokia koalicija i\u0161 esm\u0117s pa\u010dio koalicijos ve\u017eimo nepakeis ir, juo labiau, nepakeis t\u0173 prioritet\u0173, kurie yra jau nustatyti Vyriausyb\u0117s programoje\u201c, \u2013 pabr\u0117\u017e\u0117 jis.<\/p>\n<p>Visgi prezidentas pripa\u017e\u012fsta, kad ir Vyriausyb\u0117s reputacija nema\u017ea dalimi priklausys nuo to, kaip koalicija reaguos \u012f R. \u017demaitai\u010dio keliamus ultimatumus.<\/p>\n<p>\u201eViskas priklausys nuo to, kaip \u0161i koalicija sugeb\u0117s susitarti tarpusavyje. Manau, kad Seimo pirmininkas, ponas Skvernelis u\u017e\u0117m\u0117 visi\u0161kai teising\u0105 pozicij\u0105, sakydamas, kad pirmiausia turi b\u016bti i\u0161spr\u0119sti teisiniai klausimai, nes kaltinimai, kurie yra i\u0161kelti, yra pakankamai svar\u016bs, rimti, j\u0173 baigtis ne\u017einoma. Ir paskirti vicepirminink\u0105, kuris po to gali keliauti \u012f apkalt\u0105, b\u016bt\u0173 dar kart\u0105 destabilizavimas Lietuvos politin\u0117s situacijos\u201c, \u2013 sak\u0117 G. Naus\u0117da.<\/p>\n<p>\u201eJeigu bus einama ultimatum\u0173 keliu, galimas dalykas, kad bus tam tikr\u0173 poky\u010di\u0173\u201c, \u2013 akcentavo jis.<\/p>\n<p>ELTA primena, kad valdan\u010diosios daugumos gretose \u012ftampos kilo po to, kai \u201eNemuno au\u0161ros\u201c pirmininkas parei\u0161k\u0117 kelsiantis klausim\u0105 d\u0117l likimo koalicijoje, jeigu artimiausiu metu nebus pateikta jo kandidat\u016bra \u012f Seimo vicepirmininko pareigas.<\/p>\n<p>Visgi, anks\u010diau koalicijos partneriai teig\u0117, kad \u201eNemuno au\u0161ros\u201c lyderis \u012f Seimo vicepirmininko pareigas gal\u0117t\u0173 b\u016bti teikiamas tik tuomet, kai i\u0161sispr\u0119s jo teisin\u0117s problemos. Visgi, R. \u017demaitaitis tikina man\u0105s, kad, panaikinus jo teisin\u0119 nelie\u010diamyb\u0119, trukd\u017ei\u0173 siekti Seimo vicepirmininko pareig\u0173 \u2013 nebeliko.<\/p>\n<p>Koalicin\u0117 taryba aptar\u0117 susiklos\u010diusi\u0105 situacij\u0105. Politikai \u017eada toliau t\u0119sti diskusijas bei ie\u0161koti galim\u0173 situacijos\u00a0sprendini\u0173.<\/p>\n<p>R. \u017demaitaitis LRT televizijai taip pat parei\u0161k\u0117, kad partijai \u201eVardan Lietuvos\u201c deleguota Seimo pirmininko pozicija gal\u0117t\u0173 atitekti jo atstovaujamai politinei j\u0117gai. Pasak \u201eau\u0161rie\u010dio\u201c, toks \u017eingsnis bus svarstomas, jei dabartinis parlamento vadovas S. Skvernelis, atsisakys teikti jo kandidat\u016br\u0105 \u012f Seimo vicepirmininkus.<\/p>\n<p>\u0160\ufeffiuo metu atliekami du ikiteisminiai tyrimai d\u0117l R. \u017demaitai\u010dio veiklos. Vienas j\u0173 prad\u0117tas po to, kai politikas ragino gyventojus rinktis prie Vytauto Landsbergio nam\u0173 ir ten u\u017edegti \u017evakut\u0119, taip parodant atsak\u0105 \u012f prie Seimo vykus\u012f miting\u0105 \u201eDe\u0161imt tylos minu\u010di\u0173\u201c. Antrasis tyrimas buvo prad\u0117tas d\u0117l galimo R. \u017demaitai\u010dio \u0161mei\u017eto prie\u0161 buvusi\u0105 vyriausyb\u0117s vadov\u0119 Ingrid\u0105 \u0160imonyt\u0119. Tuomet R. \u017demaitaitis svarst\u0117, ar ji \u201esu savo leftistais\u201c nei\u0161provokuos koki\u0173 nors neramum\u0173 prie\u0161 \u017eydus. Tiesa, v\u0117liau jis savo socialinio tinklo \u012fra\u0161e \u017eydus pakeit\u0117 \u017eemai\u010diais.<\/p>\n<\/p><\/div>\n<p><br \/>\n<br \/><a href=\"https:\/\/kaunas.kasvyksta.lt\/2025\/01\/06\/politika\/prezidentas-g-paluckas-galetu-is-r-zemaitaicio-pareikalauti-savitvardos\/\">Source link <\/a><\/p>\n","protected":false},"excerpt":{"rendered":"<p>Prezidentas Gitanas Naus\u0117da teigia, kad premjeras Gintautas Paluckas gal\u0117t\u0173 pareikalauti tam tikros savitvardos i\u0161 ultimatumus&#8230;<\/p>\n","protected":false},"author":1,"featured_media":1400,"comment_status":"","ping_status":"","sticky":false,"template":"","format":"standard","meta":{"om_disable_all_campaigns":false,"_monsterinsights_skip_tracking":false,"_monsterinsights_sitenote_active":false,"_monsterinsights_sitenote_note":"","_monsterinsights_sitenote_category":0,"footnotes":""},"categories":[743],"tags":[2667,113,929,1100,2227,2669,2670,472,2668],"class_list":["post-1399","post","type-post","status-publish","format-standard","has-post-thumbnail","hentry","category-salies-naujienos-aktualijos","tag-galetu","tag-is","tag-kas","tag-kaune","tag-paluckas","tag-pareikalauti","tag-savitvardos","tag-vyksta","tag-zemaitaicio"],"aioseo_notices":[],"_links":{"self":[{"href":"https:\/\/sekmesreceptai.lt\/index.php\/wp-json\/wp\/v2\/posts\/1399","targetHints":{"allow":["GET"]}}],"collection":[{"href":"https:\/\/sekmesreceptai.lt\/index.php\/wp-json\/wp\/v2\/posts"}],"about":[{"href":"https:\/\/sekmesreceptai.lt\/index.php\/wp-json\/wp\/v2\/types\/post"}],"author":[{"embeddable":true,"href":"https:\/\/sekmesreceptai.lt\/index.php\/wp-json\/wp\/v2\/users\/1"}],"replies":[{"embeddable":true,"href":"https:\/\/sekmesreceptai.lt\/index.php\/wp-json\/wp\/v2\/comments?post=1399"}],"version-history":[{"count":0,"href":"https:\/\/sekmesreceptai.lt\/index.php\/wp-json\/wp\/v2\/posts\/1399\/revisions"}],"wp:featuredmedia":[{"embeddable":true,"href":"https:\/\/sekmesreceptai.lt\/index.php\/wp-json\/wp\/v2\/media\/1400"}],"wp:attachment":[{"href":"https:\/\/sekmesreceptai.lt\/index.php\/wp-json\/wp\/v2\/media?parent=1399"}],"wp:term":[{"taxonomy":"category","embeddable":true,"href":"https:\/\/sekmesreceptai.lt\/index.php\/wp-json\/wp\/v2\/categories?post=1399"},{"taxonomy":"post_tag","embeddable":true,"href":"https:\/\/sekmesreceptai.lt\/index.php\/wp-json\/wp\/v2\/tags?post=1399"}],"curies":[{"name":"wp","href":"https:\/\/api.w.org\/{rel}","templated":true}]}}