{"id":1155,"date":"2024-12-12T10:51:08","date_gmt":"2024-12-12T10:51:08","guid":{"rendered":"https:\/\/sekmesreceptai.lt\/index.php\/2024\/12\/12\/palengvejimas-rumunija-ir-bulgarija-prisijungia-prie-es-zonos-be-sienu\/"},"modified":"2024-12-12T10:51:08","modified_gmt":"2024-12-12T10:51:08","slug":"palengvejimas-rumunija-ir-bulgarija-prisijungia-prie-es-zonos-be-sienu","status":"publish","type":"post","link":"https:\/\/sekmesreceptai.lt\/index.php\/2024\/12\/12\/palengvejimas-rumunija-ir-bulgarija-prisijungia-prie-es-zonos-be-sienu\/","title":{"rendered":"Palengv\u0117jimas, Rumunija ir Bulgarija prisijungia prie ES zonos be sien\u0173"},"content":{"rendered":"<p> <br \/>\n<\/p>\n<div id=\"\">\n<figure>\n<div data-component=\"image-block\" class=\"sc-18fde0d6-0 ejjhCR\">\n<div data-testid=\"hero-image\" class=\"sc-a34861b-1 jxzoZC\"><img decoding=\"async\" sizes=\"(min-width: 1280px) 50vw, (min-width: 1008px) 66vw, 96vw\" srcset=\"https:\/\/ichef.bbci.co.uk\/news\/240\/cpsprodpb\/a260\/live\/f34511e0-b871-11ef-a2ca-e99d0c9a24e3.jpg.webp 240w,https:\/\/ichef.bbci.co.uk\/news\/320\/cpsprodpb\/a260\/live\/f34511e0-b871-11ef-a2ca-e99d0c9a24e3.jpg.webp 320w,https:\/\/ichef.bbci.co.uk\/news\/480\/cpsprodpb\/a260\/live\/f34511e0-b871-11ef-a2ca-e99d0c9a24e3.jpg.webp 480w,https:\/\/ichef.bbci.co.uk\/news\/640\/cpsprodpb\/a260\/live\/f34511e0-b871-11ef-a2ca-e99d0c9a24e3.jpg.webp 640w,https:\/\/ichef.bbci.co.uk\/news\/800\/cpsprodpb\/a260\/live\/f34511e0-b871-11ef-a2ca-e99d0c9a24e3.jpg.webp 800w,https:\/\/ichef.bbci.co.uk\/news\/1024\/cpsprodpb\/a260\/live\/f34511e0-b871-11ef-a2ca-e99d0c9a24e3.jpg.webp 1024w,https:\/\/ichef.bbci.co.uk\/news\/1536\/cpsprodpb\/a260\/live\/f34511e0-b871-11ef-a2ca-e99d0c9a24e3.jpg.webp 1536w\" src=\"https:\/\/ichef.bbci.co.uk\/news\/480\/cpsprodpb\/a260\/live\/f34511e0-b871-11ef-a2ca-e99d0c9a24e3.jpg.webp\" alt=\"Getty Images Bulgarijos ir Rumunijos sienos kirtimo punkte sunkve\u017eimi\u0173 vairuotojas vaik\u0161to tarp sunkve\u017eimi\u0173\" class=\"sc-a34861b-0 efFcac\"\/><span class=\"sc-a34861b-2 fxQYxK\">Getty Images<\/span><\/div>\n<\/div>\n<p><figcaption class=\"sc-8353772e-0 cvNhQw\">Sprendimo ilgai laukta Bulgarijoje ir Rumunijoje, ta\u010diau sunkve\u017eimi\u0173 vairuotojams biurokratija dar nesibaig\u0117<!-- --><\/figcaption><\/p>\n<\/figure>\n<div data-component=\"text-block\" class=\"sc-18fde0d6-0 dlWCEZ\">\n<p class=\"sc-eb7bd5f6-0 fYAfXe\">Pra\u0117jus septyniolikai met\u0173 po to, kai Rumunija ir Bulgarija \u012fstojo \u012f Europos S\u0105jung\u0105, joms buvo suteikta \u017ealia \u0161viesa tapti \u0160engeno kelioni\u0173 zonos be sien\u0173 nar\u0117mis.<!-- --><\/p>\n<p class=\"sc-eb7bd5f6-0 fYAfXe\">Koleg\u0173 ES valstybi\u0173 nari\u0173 sprendimas rei\u0161kia, kad nuo 2025 met\u0173 sausio 1 dienos be paso bus galima va\u017eiuoti iki pat Pranc\u016bzijos, Ispanijos ar Norvegijos.<!-- --><\/p>\n<p class=\"sc-eb7bd5f6-0 fYAfXe\">Tai did\u017eiulio palengv\u0117jimo akimirka 25 milijonams \u017emoni\u0173, gyvenan\u010di\u0173 Rumunijoje ir Bulgarijoje ir kurie pagaliau jausis priimti visaver\u010diais ES nariais. Europos Komisijos pirmininkas <!-- -->Ursula von der Leyen sak\u0117, kad tai buvo \u201ed\u017eiaugsmo diena\u201c.<!-- -->.<!-- --><\/p>\n<p class=\"sc-eb7bd5f6-0 fYAfXe\">Nors pernai kov\u0105 abiej\u0173 \u0161ali\u0173 kelioni\u0173 oro ir j\u016br\u0173 transportu patikrinimai buvo panaikinti, Austrija tik pra\u0117jus\u012f m\u0117nes\u012f panaikino savo pasiprie\u0161inim\u0105 pasienio patikr\u0173 sausuma nutraukimui.<!-- --><\/p>\n<\/div>\n<div data-component=\"text-block\" class=\"sc-18fde0d6-0 dlWCEZ\">\n<p class=\"sc-eb7bd5f6-0 fYAfXe\">Ta\u010diau sunkve\u017eimi\u0173 vairuotojams pasienio biurokratija dar nesibaig\u0117.<!-- --><\/p>\n<p class=\"sc-eb7bd5f6-0 fYAfXe\"><b id=\"hungary\" class=\"sc-7dcfb11b-0 kVRnKf\">Vengrija<!-- --><\/b>  Pana\u0161u, kad ir toliau bus tikrinamas kiekvienas sunkve\u017eimis ir jo dokumentai ma\u017eiausiai \u0161e\u0161is m\u0117nesius pagrindiniame Rumunijos ir Vengrijos sienos kirtimo punkte Nadlace.<!-- --><\/p>\n<p class=\"sc-eb7bd5f6-0 fYAfXe\"><b id=\"bulgaria\" class=\"sc-7dcfb11b-0 kVRnKf\">Bulgarija<!-- --><\/b>  Rus\u0117je, \u0161alia tilto per Dunoj\u0173 \u012f Rumunij\u0105, pastat\u0117 nauj\u0105 sunkve\u017eimi\u0173 aik\u0161tel\u0119 ir elektronin\u0119 u\u017etvar\u0105, u\u017e 25 EUR (20 GBP) u\u017e sunkve\u017eim\u012f. <!-- --><\/p>\n<p class=\"sc-eb7bd5f6-0 fYAfXe\">Ir \u201elaikina\u201c sien\u0173 kontrol\u0117 visame \u017eemyne \u200b\u200bbuvo \u012fvesta \u0161ali\u0173, kurios bijo nelegalios migracijos \u0161uolio. <!-- --><\/p>\n<\/div>\n<figure>\n<div data-component=\"image-block\" class=\"sc-18fde0d6-0 jFCfG\">\n<div data-testid=\"image\" class=\"sc-a34861b-1 jxzoZC\"><img decoding=\"async\" src=\"https:\/\/www.bbc.com\/bbcx\/grey-placeholder.png\" class=\"sc-a34861b-0 cOpVbP hide-when-no-script\"\/><img decoding=\"async\" sizes=\"(min-width: 1280px) 50vw, (min-width: 1008px) 66vw, 96vw\" srcset=\"https:\/\/ichef.bbci.co.uk\/news\/240\/cpsprodpb\/56ec\/live\/93c824b0-b870-11ef-a72c-55cc49f950c5.jpg.webp 240w,https:\/\/ichef.bbci.co.uk\/news\/320\/cpsprodpb\/56ec\/live\/93c824b0-b870-11ef-a72c-55cc49f950c5.jpg.webp 320w,https:\/\/ichef.bbci.co.uk\/news\/480\/cpsprodpb\/56ec\/live\/93c824b0-b870-11ef-a72c-55cc49f950c5.jpg.webp 480w,https:\/\/ichef.bbci.co.uk\/news\/640\/cpsprodpb\/56ec\/live\/93c824b0-b870-11ef-a72c-55cc49f950c5.jpg.webp 640w,https:\/\/ichef.bbci.co.uk\/news\/800\/cpsprodpb\/56ec\/live\/93c824b0-b870-11ef-a72c-55cc49f950c5.jpg.webp 800w,https:\/\/ichef.bbci.co.uk\/news\/1024\/cpsprodpb\/56ec\/live\/93c824b0-b870-11ef-a72c-55cc49f950c5.jpg.webp 1024w,https:\/\/ichef.bbci.co.uk\/news\/1536\/cpsprodpb\/56ec\/live\/93c824b0-b870-11ef-a72c-55cc49f950c5.jpg.webp 1536w\" src=\"https:\/\/ichef.bbci.co.uk\/news\/480\/cpsprodpb\/56ec\/live\/93c824b0-b870-11ef-a72c-55cc49f950c5.jpg.webp\" alt=\"BBC\/Nick Thorpe Sunkve\u017eimi\u0173 vairuotojai vasar\u0105 laukia Vengrijos ir Rumunijos pasienyje\" class=\"sc-a34861b-0 efFcac\"\/><span class=\"sc-a34861b-2 fxQYxK\">BBC \/ Nickas Thorpe&#8217;as<\/span><\/div>\n<\/div>\n<p><figcaption class=\"sc-8353772e-0 cvNhQw\">Sunkve\u017eimi\u0173 vairuotojams Nadlace laukimas pasienyje gali trukti kelias valandas<!-- --><\/figcaption><\/p>\n<\/figure>\n<div data-component=\"text-block\" class=\"sc-18fde0d6-0 dlWCEZ\">\n<p class=\"sc-eb7bd5f6-0 fYAfXe\">\u0160engeno zona pirm\u0105 kart\u0105 tapo realybe 1985 m. ir dabar apima daugum\u0105 ES \u0161ali\u0173, taip pat kai kurias ES nepriklausan\u010dias \u0161alis, \u012fskaitant Norvegij\u0105 ir \u0160veicarij\u0105.<!-- --><\/p>\n<p class=\"sc-eb7bd5f6-0 fYAfXe\">JK niekada nebuvo \u0160engeno erdv\u0117je, nors lankytojai i\u0161 JK \u0161iuo metu gali lankytis zonoje be vizos iki 90 dien\u0173 kas 180 dien\u0173.<!-- --><\/p>\n<p class=\"sc-eb7bd5f6-0 fYAfXe\">Vengrijos ir Rumunijos pasienio policija buvo niek\u0161i\u0161ka, kai i\u0161 Vengrijos \u012f Rumunij\u0105 kirtau likus kelioms valandoms iki ES paskelbimo.<!-- --><\/p>\n<p class=\"sc-eb7bd5f6-0 fYAfXe\">\u201eRytoj i\u0161siai\u0161kinsime detales\u201c, \u2013 \u0161ypsodamasis sak\u0117 Vengrijos pareig\u016bnas.<!-- --><\/p>\n<p class=\"sc-eb7bd5f6-0 fYAfXe\">Ir tai yra velnias, kuris gali slyp\u0117ti detal\u0117se.<!-- --><\/p>\n<p class=\"sc-eb7bd5f6-0 fYAfXe\">Ovidijus Dabija au\u0161tant patrauk\u0117 \u012f sien\u0105 po to, kai manevravo visureigiu su 31 p\u0117d\u0173 ilgio kateriu \u201eSterk\u201c i\u0161 kiemo Timisoaroje, pagrindiniame Vakar\u0173 Rumunijos mieste.<!-- --><\/p>\n<p class=\"sc-eb7bd5f6-0 fYAfXe\">Jis vairuoja kater\u012f i\u0161 jo nam\u0173 Vokietijoje \u012f vien\u0105 laiv\u0173 parod\u0105 po kitos. Pra\u0117jusi\u0105 savait\u0119 jis buvo At\u0117nuose. Kit\u0105 savait\u0119 jis vyks \u012f gamintojo baz\u0119 netoli Niurnbergo.<!-- --><\/p>\n<p class=\"sc-eb7bd5f6-0 fYAfXe\">\u201eRumunija, prisijungusi prie \u0160engeno, sutaupys man valand\u0173 kiekviename sienos kirtimo punkte\u201c, \u2013 sako jis man gul\u0117damas prie Nadlaco per\u0117jos. <!-- --><\/p>\n<p class=\"sc-eb7bd5f6-0 fYAfXe\">\u201eM\u016bs\u0173 vairuotojai kiekviename sienos kirtimo punkte praranda ma\u017eiausiai 12 valand\u0173\u201c, \u2013 sako Rumunijos ve\u017e\u0117j\u0173 automobiliais asociacijos vadovas Radu Dinescu. \u201eBlogiausia buvo laukti penkias dienas prie Vengrijos ir Rumunijos sienos\u201c.<!-- --><\/p>\n<p class=\"sc-eb7bd5f6-0 fYAfXe\">Jis apskai\u010diavo, kad Rumunijos keli\u0173 transporto pramon\u0117 2012\u20132023 m. prarado 19 mlrd. eur\u0173 d\u0117l v\u0117lavim\u0173 pasienyje. Tai padidino kainas, kurias galiausiai mok\u0117jo vartotojai.<!-- --><\/p>\n<p class=\"sc-eb7bd5f6-0 fYAfXe\">\u201ePagrindiniai naudos gav\u0117jai nuo sausio 1 d. bus automobiliai ir privat\u016bs asmenys\u201c, \u2013 sako Dinescu, nors net ir jiems vis tiek bus taikoma atsitiktin\u0117 kontrol\u0117. <!-- --><\/p>\n<\/div>\n<figure>\n<div data-component=\"image-block\" class=\"sc-18fde0d6-0 jFCfG\">\n<div data-testid=\"image\" class=\"sc-a34861b-1 jxzoZC\"><img decoding=\"async\" src=\"https:\/\/www.bbc.com\/bbcx\/grey-placeholder.png\" class=\"sc-a34861b-0 cOpVbP hide-when-no-script\"\/><img decoding=\"async\" sizes=\"(min-width: 1280px) 50vw, (min-width: 1008px) 66vw, 96vw\" srcset=\"https:\/\/ichef.bbci.co.uk\/news\/240\/cpsprodpb\/a967\/live\/6715a060-b85b-11ef-8eb6-3b11150fa1ed.jpg.webp 240w,https:\/\/ichef.bbci.co.uk\/news\/320\/cpsprodpb\/a967\/live\/6715a060-b85b-11ef-8eb6-3b11150fa1ed.jpg.webp 320w,https:\/\/ichef.bbci.co.uk\/news\/480\/cpsprodpb\/a967\/live\/6715a060-b85b-11ef-8eb6-3b11150fa1ed.jpg.webp 480w,https:\/\/ichef.bbci.co.uk\/news\/640\/cpsprodpb\/a967\/live\/6715a060-b85b-11ef-8eb6-3b11150fa1ed.jpg.webp 640w,https:\/\/ichef.bbci.co.uk\/news\/800\/cpsprodpb\/a967\/live\/6715a060-b85b-11ef-8eb6-3b11150fa1ed.jpg.webp 800w,https:\/\/ichef.bbci.co.uk\/news\/1024\/cpsprodpb\/a967\/live\/6715a060-b85b-11ef-8eb6-3b11150fa1ed.jpg.webp 1024w,https:\/\/ichef.bbci.co.uk\/news\/1536\/cpsprodpb\/a967\/live\/6715a060-b85b-11ef-8eb6-3b11150fa1ed.jpg.webp 1536w\" src=\"https:\/\/ichef.bbci.co.uk\/news\/480\/cpsprodpb\/a967\/live\/6715a060-b85b-11ef-8eb6-3b11150fa1ed.jpg.webp\" alt=\"BBC\/Nick Thorpe Cars laukia Rumunijos ir Vengrijos pasienyje\" class=\"sc-a34861b-0 efFcac\"\/><span class=\"sc-a34861b-2 fxQYxK\">BBC \/ Nickas Thorpe&#8217;as<\/span><\/div>\n<\/div>\n<p><figcaption class=\"sc-8353772e-0 cvNhQw\">Rumunijos ir Vengrijos sien\u0173 kontrol\u0117 bus panaikinta nuo sausio 1 d<!-- --><\/figcaption><\/p>\n<\/figure>\n<div data-component=\"text-block\" class=\"sc-18fde0d6-0 dlWCEZ\">\n<p class=\"sc-eb7bd5f6-0 fYAfXe\">Jis netiki, kad sunkve\u017eimi\u0173 skirtumai bus dideli. <!-- --><\/p>\n<p class=\"sc-eb7bd5f6-0 fYAfXe\">Didel\u0117 vilkik\u0173 vairuotoj\u0173 problema, anot jo, yra ta, kad visi vilkik\u0173 patikrinimai vyksta pasienyje \u2013 nuo \u200b\u200bsv\u0117rimo iki leidim\u0173 ir krovini\u0173 tikrinimo, sanitarini\u0173 ir aplinkosaugini\u0173 patikrinim\u0173 bei nelegali\u0173 migrant\u0173 paie\u0161kos.<!-- --><\/p>\n<p class=\"sc-eb7bd5f6-0 fYAfXe\">Kitose \u0161alyse, jau esan\u010diose \u0160engeno zonoje, tokie patikrinimai vyksta grei\u010diau ir efektyviau tam skirtose greitkeli\u0173 transporto priemoni\u0173 aik\u0161tel\u0117se, esan\u010diose toli nuo sienos.<!-- --><\/p>\n<p class=\"sc-eb7bd5f6-0 fYAfXe\">Radu Dinescu kaltina Rumunijos vyriausybes nesugeb\u0117jus der\u0117tis d\u0117l nauj\u0173 susitarim\u0173 su \u0161alies kaimyn\u0117mis, siekiant suma\u017einti spaudim\u0105 prie sien\u0173. <!-- --><\/p>\n<p class=\"sc-eb7bd5f6-0 fYAfXe\">Jis cituoja 2008 m. priimt\u0105 ES reglament\u0105, kuriame raginama panaikinti sunkve\u017eimi\u0173 svorio ir gabarit\u0173 kontrol\u0119 i\u0161 ES valstybi\u0173 nari\u0173 sienos kirtimo punkt\u0173. <!-- --><\/p>\n<p class=\"sc-eb7bd5f6-0 fYAfXe\">Tai niekada nebuvo \u012fgyvendinta Rumunijos pasienyje su Vengrija arba Rumunijos pasienyje su Bulgarija d\u0117l konkurencijos tarp konkuruojan\u010di\u0173 inspekcij\u0173.<!-- --><\/p>\n<p class=\"sc-eb7bd5f6-0 fYAfXe\">Tai ne tik prekyba, bet ir investicijos, sako Rumunijos ve\u017e\u0117j\u0173 automobiliais asociacijos vadovas.<!-- --><\/p>\n<p class=\"sc-eb7bd5f6-0 fYAfXe\">Kai BMW band\u0117 rinktis tarp Vengrijos ir Rumunijos kaip naujos automobili\u0173 gamyklos viet\u0105, laukimas prie Rumunijos ir Vengrijos sienos paslaptingai i\u0161augo.<!-- --><\/p>\n<p class=\"sc-eb7bd5f6-0 fYAfXe\">BMW v\u0117liau pasirinko Vengrijos miest\u0105 Debrecen\u0105. <!-- --><\/p>\n<p class=\"sc-eb7bd5f6-0 fYAfXe\">Did\u017eiausia Rumunijos automobili\u0173 gamintoja \u201eDacia Renault\u201c susiduria su nuolatiniais v\u0117lavimais d\u0117l dali\u0173 pristatymo u\u017e \u0160engeno sien\u0173. \u201eNenoriu nuvertinti m\u016bs\u0173 sausumos sien\u0173, prisijungian\u010di\u0173 prie \u0160engeno erdv\u0117s, vert\u0117s, bet dar yra k\u0105 nuveikti\u201c, \u2013 sako Dinescu.<!-- --><\/p>\n<p class=\"sc-eb7bd5f6-0 fYAfXe\">Timi\u0161oaroje Philipas Coxas i\u0161 did\u017eiausio Rumunijos vyno eksportuotojo \u201eCramele Recas\u201c nusiteik\u0119s optimisti\u0161kiau.<!-- --><\/p>\n<p class=\"sc-eb7bd5f6-0 fYAfXe\">\u201ePrireiks \u0161iek tiek laiko, kol pasienio kontrol\u0117 i\u0161nyks, \u2013 mano jis, \u2013 bet tai \u012fvyks, galb\u016bt po \u0161e\u0161i\u0173 m\u0117nesi\u0173, nes tai yra vis\u0173 interesas.<!-- --><\/p>\n<p class=\"sc-eb7bd5f6-0 fYAfXe\">Ir d\u0117l to jo vynai taps konkurencingesni Europos vakar\u0173 ir \u0161iaur\u0117s rinkose, mano jis.<!-- --><\/p>\n<\/div>\n<\/div>\n<p><br \/>\n<br \/><a href=\"https:\/\/www.bbc.com\/news\/articles\/cn4xjj4xde3o\">Source link <\/a><\/p>\n","protected":false},"excerpt":{"rendered":"<p>Getty Images Sprendimo ilgai laukta Bulgarijoje ir Rumunijoje, ta\u010diau sunkve\u017eimi\u0173 vairuotojams biurokratija dar nesibaig\u0117 Pra\u0117jus&#8230;<\/p>\n","protected":false},"author":1,"featured_media":1156,"comment_status":"","ping_status":"","sticky":false,"template":"","format":"standard","meta":{"om_disable_all_campaigns":false,"_monsterinsights_skip_tracking":false,"_monsterinsights_sitenote_active":false,"_monsterinsights_sitenote_note":"","_monsterinsights_sitenote_category":0,"footnotes":""},"categories":[5],"tags":[2193,2191,1367,2194,2192,2196,2195],"class_list":["post-1155","post","type-post","status-publish","format-standard","has-post-thumbnail","hentry","category-pasaulio-naujienos","tag-bulgarija","tag-palengvejimas","tag-prie","tag-prisijungia","tag-rumunija","tag-sienu","tag-zonos"],"aioseo_notices":[],"_links":{"self":[{"href":"https:\/\/sekmesreceptai.lt\/index.php\/wp-json\/wp\/v2\/posts\/1155","targetHints":{"allow":["GET"]}}],"collection":[{"href":"https:\/\/sekmesreceptai.lt\/index.php\/wp-json\/wp\/v2\/posts"}],"about":[{"href":"https:\/\/sekmesreceptai.lt\/index.php\/wp-json\/wp\/v2\/types\/post"}],"author":[{"embeddable":true,"href":"https:\/\/sekmesreceptai.lt\/index.php\/wp-json\/wp\/v2\/users\/1"}],"replies":[{"embeddable":true,"href":"https:\/\/sekmesreceptai.lt\/index.php\/wp-json\/wp\/v2\/comments?post=1155"}],"version-history":[{"count":0,"href":"https:\/\/sekmesreceptai.lt\/index.php\/wp-json\/wp\/v2\/posts\/1155\/revisions"}],"wp:featuredmedia":[{"embeddable":true,"href":"https:\/\/sekmesreceptai.lt\/index.php\/wp-json\/wp\/v2\/media\/1156"}],"wp:attachment":[{"href":"https:\/\/sekmesreceptai.lt\/index.php\/wp-json\/wp\/v2\/media?parent=1155"}],"wp:term":[{"taxonomy":"category","embeddable":true,"href":"https:\/\/sekmesreceptai.lt\/index.php\/wp-json\/wp\/v2\/categories?post=1155"},{"taxonomy":"post_tag","embeddable":true,"href":"https:\/\/sekmesreceptai.lt\/index.php\/wp-json\/wp\/v2\/tags?post=1155"}],"curies":[{"name":"wp","href":"https:\/\/api.w.org\/{rel}","templated":true}]}}