{"id":1127,"date":"2024-12-09T10:30:49","date_gmt":"2024-12-09T10:30:49","guid":{"rendered":"https:\/\/sekmesreceptai.lt\/index.php\/2024\/12\/09\/draudimas-keliauti-pietu-korejos-prezidentui-yoonui-po-bandymo-ivesti-karo-padeti\/"},"modified":"2024-12-09T10:30:49","modified_gmt":"2024-12-09T10:30:49","slug":"draudimas-keliauti-pietu-korejos-prezidentui-yoonui-po-bandymo-ivesti-karo-padeti","status":"publish","type":"post","link":"https:\/\/sekmesreceptai.lt\/index.php\/2024\/12\/09\/draudimas-keliauti-pietu-korejos-prezidentui-yoonui-po-bandymo-ivesti-karo-padeti\/","title":{"rendered":"Draudimas keliauti Piet\u0173 Kor\u0117jos prezidentui Yoonui po bandymo \u012fvesti karo pad\u0117t\u012f"},"content":{"rendered":"<p> <br \/>\n<\/p>\n<div id=\"\">\n<figure>\n<div data-component=\"image-block\" class=\"sc-18fde0d6-0 ejjhCR\">\n<div data-testid=\"hero-image\" class=\"sc-a34861b-1 jxzoZC\"><img decoding=\"async\" sizes=\"(min-width: 1280px) 50vw, (min-width: 1008px) 66vw, 96vw\" srcset=\"https:\/\/ichef.bbci.co.uk\/news\/240\/cpsprodpb\/3901\/live\/44f812c0-b5f8-11ef-a87b-f3b0d7e53085.jpg.webp 240w,https:\/\/ichef.bbci.co.uk\/news\/320\/cpsprodpb\/3901\/live\/44f812c0-b5f8-11ef-a87b-f3b0d7e53085.jpg.webp 320w,https:\/\/ichef.bbci.co.uk\/news\/480\/cpsprodpb\/3901\/live\/44f812c0-b5f8-11ef-a87b-f3b0d7e53085.jpg.webp 480w,https:\/\/ichef.bbci.co.uk\/news\/640\/cpsprodpb\/3901\/live\/44f812c0-b5f8-11ef-a87b-f3b0d7e53085.jpg.webp 640w,https:\/\/ichef.bbci.co.uk\/news\/800\/cpsprodpb\/3901\/live\/44f812c0-b5f8-11ef-a87b-f3b0d7e53085.jpg.webp 800w,https:\/\/ichef.bbci.co.uk\/news\/1024\/cpsprodpb\/3901\/live\/44f812c0-b5f8-11ef-a87b-f3b0d7e53085.jpg.webp 1024w,https:\/\/ichef.bbci.co.uk\/news\/1536\/cpsprodpb\/3901\/live\/44f812c0-b5f8-11ef-a87b-f3b0d7e53085.jpg.webp 1536w\" src=\"https:\/\/ichef.bbci.co.uk\/news\/480\/cpsprodpb\/3901\/live\/44f812c0-b5f8-11ef-a87b-f3b0d7e53085.jpg.webp\" alt=\"Getty Images Piet\u0173 Kor\u0117jos prezidentas Yoon Suk Yeol \" class=\"sc-a34861b-0 efFcac\"\/><span class=\"sc-a34861b-2 fxQYxK\">Getty Images<\/span><\/div>\n<\/div>\n<p><figcaption class=\"sc-8353772e-0 cvNhQw\">De\u0161imtys t\u016bkstan\u010di\u0173 \u017emoni\u0173 protestavo po trumpalaikio Yoon \u012fsakymo d\u0117l karo pad\u0117ties<!-- --><\/figcaption><\/p>\n<\/figure>\n<div data-component=\"text-block\" class=\"sc-18fde0d6-0 dlWCEZ\">\n<p class=\"sc-eb7bd5f6-0 fYAfXe\">Piet\u0173 Kor\u0117jos vald\u017eia u\u017edraud\u0117 keliauti prezidentui Yoonui Suk Yeolui, kuris yra tiriamas d\u0117l jo trumpalaikio karo pad\u0117ties paskelbimo pra\u0117jus\u012f antradien\u012f.<!-- --><\/p>\n<p class=\"sc-eb7bd5f6-0 fYAfXe\">Yoon siaurai <!-- -->i\u0161gyveno apkaltos pasi\u016blym\u0105<!-- --> prie\u0161 j\u012f savaitgal\u012f, jo valdan\u010diosios Tautos j\u0117gos partijos (PPP) parlamentarams boikotavus balsavim\u0105.<!-- --><\/p>\n<p class=\"sc-eb7bd5f6-0 fYAfXe\">PPP nariai teig\u0117 nusprend\u0119 nepritarti pasi\u016blymui po to, kai Yoon sutiko sutrumpinti savo kadencij\u0105 ir nesiki\u0161ti \u012f u\u017esienio ir vidaus reikalus. <!-- --><\/p>\n<p class=\"sc-eb7bd5f6-0 fYAfXe\">Ta\u010diau opozicin\u0117 Demokrat\u0173 partija, kuriai priklauso daugum\u0105 parlamente, sukritikavo susitarim\u0105, o partijos lyder\u0117 Park Chan-dae pavadino j\u012f \u201eneteis\u0117tu, antikonstituciniu antruoju sukilimu ir antruoju perversmu\u201c.<!-- --><\/p>\n<\/div>\n<div data-component=\"text-block\" class=\"sc-18fde0d6-0 dlWCEZ\">\n<p class=\"sc-eb7bd5f6-0 fYAfXe\">De\u0161imtys t\u016bkstan\u010di\u0173 \u017emoni\u0173 protestavo po trumpalaikio karin\u0117s pad\u0117ties Yoon \u012fsakymo, ragindami j\u012f atsistatydinti arba apkalt\u0105.<!-- --><\/p>\n<p class=\"sc-eb7bd5f6-0 fYAfXe\">Nuo tada, nepaisant nes\u0117kmingo pasi\u016blymo d\u0117l apkaltos, keli pagrindiniai karin\u0117s pad\u0117ties \u012fstatyme dalyvaujantys asmenys taip pat mat\u0117, kad prie\u0161 juos buvo imtasi veiksm\u0173. <!-- --><\/p>\n<p class=\"sc-eb7bd5f6-0 fYAfXe\">Buv\u0119s gynybos ministras Kim Yong-hyunas, kuris, kaip prane\u0161ama, pasi\u016bl\u0117 paskelbti karin\u0119 pad\u0117t\u012f Yoonui, buvo suimtas sekmadien\u012f. Anks\u010diau jis tre\u010diadien\u012f atsistatydino po to, kai atsipra\u0161\u0117 ir pasak\u0117, kad prisiims \u201evis\u0105 atsakomyb\u0119\u201c.<!-- --><\/p>\n<p class=\"sc-eb7bd5f6-0 fYAfXe\">Kimui, Lee, gynybos kontr\u017evalgybos vadui Yeo In-hyungui ir armijos \u0161tabo vadui Parkui An-su buvo u\u017edrausti keliauti. <!-- --><\/p>\n<p class=\"sc-eb7bd5f6-0 fYAfXe\">Daugelis kit\u0173 pasitrauk\u0117 i\u0161 savo pareig\u0173. <!-- --><\/p>\n<p class=\"sc-eb7bd5f6-0 fYAfXe\">Tarp j\u0173 yra buv\u0119s vidaus reikal\u0173 ministras Lee Sang-minas, kuris sekmadien\u012f atsistatydino, sakydamas, kad prisiims atsakomyb\u0119 u\u017e \u201enesugeb\u0117jim\u0105 gerai tarnauti visuomenei ir prezidentui\u201c. <!-- --><\/p>\n<p class=\"sc-eb7bd5f6-0 fYAfXe\">O tre\u010diadien\u012f Yoono biuro vyresnieji pagalbininkai, \u012fskaitant jo personalo vadov\u0105, pra\u0117jus kelioms valandoms po karo pad\u0117ties paskelbimo at\u0161aukimo, pateik\u0117 masin\u012f atsistatydinim\u0105. <!-- --><\/p>\n<\/div>\n<p><h2 class=\"sc-518485e5-0 kRvAla\">Opozicija PPP pasi\u016blym\u0105 vadina \u201eantruoju perversmu\u201c<!-- --><\/h2>\n<\/p>\n<div data-component=\"text-block\" class=\"sc-18fde0d6-0 dlWCEZ\">\n<p class=\"sc-eb7bd5f6-0 fYAfXe\">Sekmadien\u012f vie\u0161ame kreipimesi PPP lyderis Han Dong-hoonas sak\u0117, kad Yoonas daugiau nedalyvaus u\u017esienio ir vidaus reikaluose iki ankstyvo atsistatydinimo ir prid\u016br\u0117, kad ministras pirmininkas Han Duck-soo tuo tarpu tvarkys vyriausyb\u0117s reikalus.<!-- --><\/p>\n<p class=\"sc-eb7bd5f6-0 fYAfXe\">\u201ePrezidentas prie\u0161 pasitraukdamas nedalyvaus jokiuose valstyb\u0117s reikaluose, \u012fskaitant diplomatij\u0105\u201c, \u2013 sak\u0117 partijos lyderis Hanas. <!-- --><\/p>\n<p class=\"sc-eb7bd5f6-0 fYAfXe\">Ta\u010diau Demokrat\u0173 partijos lyder\u0117 Park Chan-dae si\u016blom\u0105 plan\u0105 apib\u016bdino kaip \u201eneteis\u0117t\u0105, antikonstitucin\u012f antr\u0105j\u012f sukilim\u0105 ir antr\u0105j\u012f perversm\u0105\u201c.<!-- --><\/p>\n<p class=\"sc-eb7bd5f6-0 fYAfXe\">Demokrat\u0173 partijos atstovas Kim Min-seokas taip pat kritikavo plan\u0105, sakydamas, kad \u201eniekas nesuteik\u0117\u201c PPP lyderiui Hanui gali\u0173 priimti tokius sprendimus. <!-- --><\/p>\n<p class=\"sc-eb7bd5f6-0 fYAfXe\">\u201eMinistras pirmininkas ir valdan\u010diosios partijos parei\u0161kimas, kad jie kartu naudosis prezidento galiomis, kuri\u0173 jiems niekas nesuteik\u0117, akivaizd\u017eiai prie\u0161tarauja Konstitucijai\u201c, \u2013 sak\u0117 jis, ra\u0161oma prane\u0161ime \u201eThe Korea Herald\u201c. <!-- --><\/p>\n<p class=\"sc-eb7bd5f6-0 fYAfXe\">Kra\u0161to apsaugos ministerija pirmadien\u012f per instrukta\u017e\u0105 patvirtino, kad prezidentas ir toliau vadovauja ginkluotosioms paj\u0117goms. Tai rei\u0161kia, kad \u012fvykus bet kokiems u\u017esienio politikos incidentams, \u012fskaitant bet koki\u0105 galim\u0105 \u0160iaur\u0117s Kor\u0117jos gr\u0117sm\u0119, Yoon teori\u0161kai vis tiek gali priimti vykdomuosius sprendimus. <!-- --><\/p>\n<p class=\"sc-eb7bd5f6-0 fYAfXe\">\u201ePrezidentas gali v\u0117l imtis vadovauti bet kuriuo metu, kai apsigalvos\u201c, \u2013 \u201eThe Korea Herald\u201c sak\u0117 politikos moksl\u0173 profesorius Shin Yul i\u0161 Myongji universiteto.<!-- --><\/p>\n<p class=\"sc-eb7bd5f6-0 fYAfXe\">\u2013 Niekas negal\u0117s jo sustabdyti, jei Yoon reikalaus.<!-- --><\/p>\n<\/div>\n<div data-component=\"text-block\" class=\"sc-18fde0d6-0 dlWCEZ\">\n<p class=\"sc-eb7bd5f6-0 fYAfXe\">\u0160e\u0161tadien\u012f Yoon atsipra\u0161\u0117 tautos pirm\u0105 kart\u0105 po karo pad\u0117ties paskelbimo. Jis pa\u017ead\u0117jo ne\u012fvesti kitos karo pad\u0117ties \u012fsakymo ir atsipra\u0161\u0117 u\u017e sukelt\u0105 \u201enerim\u0105 ir nepatogumus\u201c.<!-- --><\/p>\n<p class=\"sc-eb7bd5f6-0 fYAfXe\">Ta\u010diau opozicija tvirtino, kad \u201enepasiduos\u201c d\u0117l apkaltos Yoonui ir pa\u017ead\u0117jo kiekvien\u0105 \u0161e\u0161tadien\u012f surengti apkaltos balsavim\u0105 prie\u0161 Yoon\u0105.<!-- --><\/p>\n<p class=\"sc-eb7bd5f6-0 fYAfXe\">\u201eMes tikrai sugr\u0105\u017einsime \u0161i\u0105 \u0161al\u012f \u012f normali\u0105 iki Kal\u0117d\u0173 ir met\u0173 pabaigos ir padovanosime jums kaip Kal\u0117d\u0173 ir met\u0173 pabaigos dovan\u0105\u201c, \u2013 nusivylusioms miniai po \u0161e\u0161tadienio nes\u0117kmingo bandymo prad\u0117ti apkalt\u0105 sak\u0117 Demokrat\u0173 partijos lyderis Lee Jae-myungas. .<!-- --><\/p>\n<p class=\"sc-eb7bd5f6-0 fYAfXe\">Jis dar kart\u0105 paragino Yoon\u0105 atsistatydinti pirmadien\u012f, spaudos konferencijoje sakydamas, kad Yoon veiksmai \u201egriauna\u201c Piet\u0173 Kor\u0117j\u0105 ir jos ekonomik\u0105.<!-- --><\/p>\n<\/div>\n<\/div>\n<p><br \/>\n<br \/><a href=\"https:\/\/www.bbc.com\/news\/articles\/cwydj9k7jkgo\">Source link <\/a><\/p>\n","protected":false},"excerpt":{"rendered":"<p>Getty Images De\u0161imtys t\u016bkstan\u010di\u0173 \u017emoni\u0173 protestavo po trumpalaikio Yoon \u012fsakymo d\u0117l karo pad\u0117ties Piet\u0173 Kor\u0117jos&#8230;<\/p>\n","protected":false},"author":1,"featured_media":1128,"comment_status":"","ping_status":"","sticky":false,"template":"","format":"standard","meta":{"om_disable_all_campaigns":false,"_monsterinsights_skip_tracking":false,"_monsterinsights_sitenote_active":false,"_monsterinsights_sitenote_note":"","_monsterinsights_sitenote_category":0,"footnotes":""},"categories":[5],"tags":[2138,2136,2139,1896,1765,958,785,539,1258,2137],"class_list":["post-1127","post","type-post","status-publish","format-standard","has-post-thumbnail","hentry","category-pasaulio-naujienos","tag-bandymo","tag-draudimas","tag-ivesti","tag-karo","tag-keliauti","tag-korejos","tag-padeti","tag-pietu","tag-prezidentui","tag-yoonui"],"aioseo_notices":[],"_links":{"self":[{"href":"https:\/\/sekmesreceptai.lt\/index.php\/wp-json\/wp\/v2\/posts\/1127","targetHints":{"allow":["GET"]}}],"collection":[{"href":"https:\/\/sekmesreceptai.lt\/index.php\/wp-json\/wp\/v2\/posts"}],"about":[{"href":"https:\/\/sekmesreceptai.lt\/index.php\/wp-json\/wp\/v2\/types\/post"}],"author":[{"embeddable":true,"href":"https:\/\/sekmesreceptai.lt\/index.php\/wp-json\/wp\/v2\/users\/1"}],"replies":[{"embeddable":true,"href":"https:\/\/sekmesreceptai.lt\/index.php\/wp-json\/wp\/v2\/comments?post=1127"}],"version-history":[{"count":0,"href":"https:\/\/sekmesreceptai.lt\/index.php\/wp-json\/wp\/v2\/posts\/1127\/revisions"}],"wp:featuredmedia":[{"embeddable":true,"href":"https:\/\/sekmesreceptai.lt\/index.php\/wp-json\/wp\/v2\/media\/1128"}],"wp:attachment":[{"href":"https:\/\/sekmesreceptai.lt\/index.php\/wp-json\/wp\/v2\/media?parent=1127"}],"wp:term":[{"taxonomy":"category","embeddable":true,"href":"https:\/\/sekmesreceptai.lt\/index.php\/wp-json\/wp\/v2\/categories?post=1127"},{"taxonomy":"post_tag","embeddable":true,"href":"https:\/\/sekmesreceptai.lt\/index.php\/wp-json\/wp\/v2\/tags?post=1127"}],"curies":[{"name":"wp","href":"https:\/\/api.w.org\/{rel}","templated":true}]}}