{"id":1034,"date":"2024-11-29T09:59:27","date_gmt":"2024-11-29T09:59:27","guid":{"rendered":"https:\/\/sekmesreceptai.lt\/index.php\/2024\/11\/29\/paryziaus-gotikinis-brangakmenis-vel-bus-atidarytas-praejus-penkeriems-metams-po-gaisro\/"},"modified":"2024-11-29T09:59:27","modified_gmt":"2024-11-29T09:59:27","slug":"paryziaus-gotikinis-brangakmenis-vel-bus-atidarytas-praejus-penkeriems-metams-po-gaisro","status":"publish","type":"post","link":"https:\/\/sekmesreceptai.lt\/index.php\/2024\/11\/29\/paryziaus-gotikinis-brangakmenis-vel-bus-atidarytas-praejus-penkeriems-metams-po-gaisro\/","title":{"rendered":"Pary\u017eiaus gotikinis brangakmenis v\u0117l bus atidarytas pra\u0117jus penkeriems metams po gaisro"},"content":{"rendered":"<p> <br \/>\n<\/p>\n<div id=\"\">\n<figure>\n<div data-component=\"image-block\" class=\"sc-18fde0d6-0 ejjhCR\">\n<div data-testid=\"hero-image\" class=\"sc-a34861b-1 jxzoZC\"><img decoding=\"async\" sizes=\"(min-width: 1280px) 50vw, (min-width: 1008px) 66vw, 96vw\" srcset=\"https:\/\/ichef.bbci.co.uk\/news\/240\/cpsprodpb\/37d5\/live\/ed609d10-ad9c-11ef-a722-2d3a2b74a293.jpg.webp 240w,https:\/\/ichef.bbci.co.uk\/news\/320\/cpsprodpb\/37d5\/live\/ed609d10-ad9c-11ef-a722-2d3a2b74a293.jpg.webp 320w,https:\/\/ichef.bbci.co.uk\/news\/480\/cpsprodpb\/37d5\/live\/ed609d10-ad9c-11ef-a722-2d3a2b74a293.jpg.webp 480w,https:\/\/ichef.bbci.co.uk\/news\/640\/cpsprodpb\/37d5\/live\/ed609d10-ad9c-11ef-a722-2d3a2b74a293.jpg.webp 640w,https:\/\/ichef.bbci.co.uk\/news\/800\/cpsprodpb\/37d5\/live\/ed609d10-ad9c-11ef-a722-2d3a2b74a293.jpg.webp 800w,https:\/\/ichef.bbci.co.uk\/news\/1024\/cpsprodpb\/37d5\/live\/ed609d10-ad9c-11ef-a722-2d3a2b74a293.jpg.webp 1024w,https:\/\/ichef.bbci.co.uk\/news\/1536\/cpsprodpb\/37d5\/live\/ed609d10-ad9c-11ef-a722-2d3a2b74a293.jpg.webp 1536w\" src=\"https:\/\/ichef.bbci.co.uk\/news\/480\/cpsprodpb\/37d5\/live\/ed609d10-ad9c-11ef-a722-2d3a2b74a293.jpg.webp\" alt=\"Getty Images Notre Dame prie\u0161 rekonstrukcijas\" class=\"sc-a34861b-0 efFcac\"\/><span class=\"sc-a34861b-2 fxQYxK\">Getty Images<\/span><\/div>\n<\/div>\n<p><figcaption class=\"sc-8353772e-0 cvNhQw\">Dievo Motinos katedra, matyta prie\u0161 rekonstrukcijas<!-- --><\/figcaption><\/p>\n<\/figure>\n<div data-component=\"text-block\" class=\"sc-18fde0d6-0 dlWCEZ\">\n<p class=\"sc-eb7bd5f6-0 fYAfXe\">Pasaulis pradeda pirm\u0105 kart\u0105 pa\u017evelgti \u012f nuostabi\u0105 nauj\u0105 Dievo Motinos katedr\u0105, kai Pranc\u016bzijos prezidentas Emmanuelis Macronas veda televizij\u0105, kad pa\u017eym\u0117t\u0173 art\u0117jant\u012f katedros atidarym\u0105.<!-- --><\/p>\n<p class=\"sc-eb7bd5f6-0 fYAfXe\">Pra\u0117jus penkeriems su puse met\u0173 po niokojan\u010dio 2019 m. gaisro, Pary\u017eiaus gotikinis brangakmenis buvo i\u0161gelb\u0117tas, atnaujintas ir atnaujintas \u2013 lankytojams tai \u017eada b\u016bti kvap\u0105 gniau\u017eiantis vizualinis malonumas.<!-- --><\/p>\n<p class=\"sc-eb7bd5f6-0 fYAfXe\">Prezidentas, lydimas \u017emonos Brigitte ir Pary\u017eiaus arkivyskupo Laurent&#8217;o Ulricho, pradeda ceremonij\u0173 program\u0105, kurios kulminacija bus oficialus &#8222;\u012f\u0117jimas&#8221; \u012f katedr\u0105 gruod\u017eio 7 d., o kit\u0105 dien\u0105 &#8211; pirmosios katalik\u0173 mi\u0161ios.<!-- --><\/p>\n<p class=\"sc-eb7bd5f6-0 fYAfXe\">Po 700 mln. eur\u0173 vert\u0117s (582 mln. svar\u0173 sterling\u0173) vert\u0117s pastato renovacijos akcent\u0173, \u012fskaitant masyvias stogo medienas, pakei\u010dian\u010dias gaisro metu sudegus\u012f viduram\u017ei\u0173 karkas\u0105, jis turi pasakyti pad\u0117kos kalb\u0105 apie 1 300 amatinink\u0173 ir moter\u0173, susirinkusi\u0173 \u012f nav\u0105.<!-- --><\/p>\n<p class=\"sc-eb7bd5f6-0 fYAfXe\">Atnaujintas Dievo Motinos interjeras buvo kruop\u0161\u010diai saugomas paslaptyje \u2013 b\u0117gant metams buvo i\u0161leisti tik keli vaizdai, \u017eymintys renovacijos darb\u0173 eig\u0105.<!-- --><\/p>\n<p class=\"sc-eb7bd5f6-0 fYAfXe\">Ta\u010diau \u017emon\u0117s, kurie neseniai buvo viduje, sako, kad patirtis kelia siaub\u0105, katedr\u0105 pakyl\u0117jo naujas ai\u0161kumas ir ry\u0161kumas, ry\u0161kus kontrastas su ankstesniu ni\u016brumu.<!-- --><\/p>\n<\/div>\n<figure>\n<div data-component=\"image-block\" class=\"sc-18fde0d6-0 jFCfG\">\n<div data-testid=\"image\" class=\"sc-a34861b-1 jxzoZC\"><img decoding=\"async\" src=\"https:\/\/www.bbc.com\/bbcx\/grey-placeholder.png\" class=\"sc-a34861b-0 cOpVbP hide-when-no-script\"\/><img decoding=\"async\" sizes=\"(min-width: 1280px) 50vw, (min-width: 1008px) 66vw, 96vw\" srcset=\"https:\/\/ichef.bbci.co.uk\/news\/240\/cpsprodpb\/82a0\/live\/24d8fba0-ad9f-11ef-a722-2d3a2b74a293.jpg.webp 240w,https:\/\/ichef.bbci.co.uk\/news\/320\/cpsprodpb\/82a0\/live\/24d8fba0-ad9f-11ef-a722-2d3a2b74a293.jpg.webp 320w,https:\/\/ichef.bbci.co.uk\/news\/480\/cpsprodpb\/82a0\/live\/24d8fba0-ad9f-11ef-a722-2d3a2b74a293.jpg.webp 480w,https:\/\/ichef.bbci.co.uk\/news\/640\/cpsprodpb\/82a0\/live\/24d8fba0-ad9f-11ef-a722-2d3a2b74a293.jpg.webp 640w,https:\/\/ichef.bbci.co.uk\/news\/800\/cpsprodpb\/82a0\/live\/24d8fba0-ad9f-11ef-a722-2d3a2b74a293.jpg.webp 800w,https:\/\/ichef.bbci.co.uk\/news\/1024\/cpsprodpb\/82a0\/live\/24d8fba0-ad9f-11ef-a722-2d3a2b74a293.jpg.webp 1024w,https:\/\/ichef.bbci.co.uk\/news\/1536\/cpsprodpb\/82a0\/live\/24d8fba0-ad9f-11ef-a722-2d3a2b74a293.jpg.webp 1536w\" src=\"https:\/\/ichef.bbci.co.uk\/news\/480\/cpsprodpb\/82a0\/live\/24d8fba0-ad9f-11ef-a722-2d3a2b74a293.jpg.webp\" alt=\"Getty Images 2019 m. baland\u017eio 15 d. Pary\u017eiuje, Pranc\u016bzijoje, Dievo Motinos katedroje matomos liepsnos ir d\u016bmai, sklindantys nuo stogo.\" class=\"sc-a34861b-0 efFcac\"\/><span class=\"sc-a34861b-2 fxQYxK\">Getty Images<\/span><\/div>\n<\/div>\n<p><figcaption class=\"sc-8353772e-0 cvNhQw\">2019 m. baland\u017eio 15 d. did\u017eiulis gaisras ap\u0117m\u0117 viduram\u017ei\u0173 Dievo Motinos katedr\u0105 Pary\u017eiuje.<!-- --><\/figcaption><\/p>\n<\/figure>\n<div data-component=\"text-block\" class=\"sc-18fde0d6-0 dlWCEZ\">\n<p class=\"sc-eb7bd5f6-0 fYAfXe\">\u201e\u017dodis, kuris geriausiai pagaus \u0161i\u0105 dien\u0105, yra \u201e\u0161lov\u0117\u201c, \u2013 sak\u0117 vienas Eliziejaus gyventojas, glaud\u017eiai susij\u0119s su restauravimu.<!-- --><\/p>\n<p class=\"sc-eb7bd5f6-0 fYAfXe\">\u201e\u017dmon\u0117s atras nupjauto akmens (kuris yra) spindes\u012f, nepriekai\u0161ting\u0105 baltum\u0105, kokio katedroje nemat\u0117 gal \u0161imtme\u010dius.<!-- --><\/p>\n<p class=\"sc-eb7bd5f6-0 fYAfXe\">2019 m. baland\u017eio 15 d. <!-- -->\u017di\u016brovai visame pasaulyje nusteb\u0119 steb\u0117jo, kaip buvo transliuojamos tiesiogin\u0117s oran\u017ein\u0117s liepsnos, plintan\u010dios palei katedros stog\u0105, nuotraukos.<!-- -->o tada \u2013 gaisro vir\u0161\u016bn\u0117je \u2013 XIX am\u017eiaus smail\u0117 trenk\u0117si \u012f \u017eem\u0119. <!-- --><\/p>\n<p class=\"sc-eb7bd5f6-0 fYAfXe\">Katedra, kurios strukt\u016bra jau k\u0117l\u0117 susir\u016bpinim\u0105 prie\u0161 pragar\u0105, tuo metu buvo renovuojama. Tarp teorij\u0173 apie gaisro prie\u017eastis yra darbininko palikta cigaret\u0117 arba elektros gedimas.<!-- --><\/p>\n<p class=\"sc-eb7bd5f6-0 fYAfXe\">15 valand\u0173 su liepsnomis kovojo apie 600 ugniagesi\u0173. <!-- --><\/p>\n<p class=\"sc-eb7bd5f6-0 fYAfXe\">Vienu metu buvo baiminamasi, kad a\u0161tuoni varpai \u0161iauriniame bok\u0161te gali nukristi, o tai b\u016bt\u0173 nuvert\u0119s pat\u012f bok\u0161t\u0105 ir galb\u016bt did\u017ei\u0105j\u0105 dal\u012f katedros sien\u0173.<!-- --><\/p>\n<p class=\"sc-eb7bd5f6-0 fYAfXe\">Galiausiai konstrukcija buvo i\u0161saugota.  <!-- --><\/p>\n<p class=\"sc-eb7bd5f6-0 fYAfXe\">Sugriauta buvo smail\u0117, medin\u0117s stogo sijos (\u017einomos kaip \u201emi\u0161kas\u201c) ir akmeniniai skliautai vir\u0161 transepto centro ir dalies navos.  <!-- --><\/p>\n<p class=\"sc-eb7bd5f6-0 fYAfXe\">Taip pat daug \u017ealos padar\u0117 krintanti mediena ir m\u016bras bei vanduo i\u0161 gaisrini\u0173 \u017earn\u0173.<!-- --><\/p>\n<p class=\"sc-eb7bd5f6-0 fYAfXe\">Laimei, tai, kas buvo i\u0161saugota, sudar\u0117 daug ilgesn\u012f s\u0105ra\u0161\u0105, \u012fskaitant visus vitra\u017eus, daugum\u0105 statulos ir meno k\u016brini\u0173 bei \u0161vent\u0105j\u0105 relikvij\u0105, vadinam\u0105 Er\u0161k\u0117\u010di\u0173 kar\u016bna. Vargonai \u2013 antri pagal dyd\u012f Pranc\u016bzijoje \u2013 buvo smarkiai paveikti dulki\u0173 ir d\u016bm\u0173, ta\u010diau juos galima pataisyti.<!-- --><\/p>\n<\/div>\n<div data-component=\"text-block\" class=\"sc-18fde0d6-0 dlWCEZ\">\n<p class=\"sc-eb7bd5f6-0 fYAfXe\">Katedros dvasininkai \u0161vent\u0117 ir tam tikrus \u201estebuklus\u201c \u2013 stebuklingus i\u0161gyvenusius. <!-- --><\/p>\n<p class=\"sc-eb7bd5f6-0 fYAfXe\">Tai yra 14-ojo am\u017eiaus statula chore, \u017einoma kaip Stulpo Mergel\u0117, kuri vos i\u0161veng\u0117 sutrai\u0161kymo d\u0117l krintan\u010dio m\u016bro. <!-- --><\/p>\n<p class=\"sc-eb7bd5f6-0 fYAfXe\">\u0160e\u0161iolika masyvi\u0173 varini\u0173 apa\u0161tal\u0173 ir evangelist\u0173 statul\u0173, juosian\u010di\u0173 bok\u0161t\u0105, buvo nugriauta renovuoti likus vos keturioms dienoms iki gaisro.<!-- --><\/p>\n<p class=\"sc-eb7bd5f6-0 fYAfXe\">Kit\u0105 dien\u0105 ap\u017ei\u016br\u0117j\u0119s niokojim\u0105, E. Macronas pa\u017ead\u0117jo tai, kas daugeliui tuo metu atrod\u0117 neapgalvotai: per penkerius metus v\u0117l atverti Dievo Motinos katedr\u0105 lankytojams.<!-- --><\/p>\n<p class=\"sc-eb7bd5f6-0 fYAfXe\">\u012estatymu buvo sukurta darbams vadovauti skirta vie\u0161oji \u012fstaiga, o kreipimasis d\u0117l l\u0117\u0161\u0173 i\u0161 karto sulauk\u0117 atsako. I\u0161 viso buvo surinkta 846 mln. eur\u0173, daugiausia i\u0161 dideli\u0173 r\u0117m\u0117j\u0173, bet ir i\u0161 \u0161imt\u0173 t\u016bkstan\u010di\u0173 smulki\u0173 aukotoj\u0173.<!-- --><\/p>\n<p class=\"sc-eb7bd5f6-0 fYAfXe\">Atsakomyb\u0117 u\u017e \u0161i\u0105 u\u017eduot\u012f buvo suteikta Jean-Louis Georgelin, niekam tikusiam armijos generolui, kuris dalijosi Macrono nekantrumu komitetams ir \u201epaveldo\u201c \u012fstaigoms.<!-- --><\/p>\n<p class=\"sc-eb7bd5f6-0 fYAfXe\">&#8222;Jie \u012fprat\u0119 dirbti su fregatomis. Tai yra l\u0117ktuvne\u0161is&#8221;, &#8211; sak\u0117 jis.<!-- --><\/p>\n<p class=\"sc-eb7bd5f6-0 fYAfXe\">Georgelinas yra visuotinai pripa\u017eintas u\u017e neabejotin\u0105 projekto s\u0117km\u0119, ta\u010diau 2023 m. rugpj\u016b\u010dio m\u0117n. jis \u017euvo per avarij\u0105 Pir\u0117n\u0173 kalnuose ir j\u012f pakeit\u0117 Philippe&#8217;as Jostas.<!-- --><\/p>\n<p class=\"sc-eb7bd5f6-0 fYAfXe\">Apytiksliai 2000 m\u016brinink\u0173, dailid\u017ei\u0173, restauratori\u0173, stogdengi\u0173, liejykl\u0173, meno ekspert\u0173, skulptori\u0173 ir in\u017einieri\u0173 dirbo prie projekto \u2013 tai suteik\u0117 did\u017eiul\u012f post\u016bm\u012f pranc\u016bz\u0173 menui ir amatams.  <!-- --><\/p>\n<p class=\"sc-eb7bd5f6-0 fYAfXe\">Daugelyje profesij\u0173, toki\u0173 kaip akmens dro\u017eyba, d\u0117l vie\u0161umo labai padaug\u0117jo pameistryst\u0117s.<!-- --><\/p>\n<p class=\"sc-eb7bd5f6-0 fYAfXe\">&#8222;(Notre Dame projektas) buvo pasaulin\u0117s mug\u0117s atitikmuo, nes tai buvo m\u016bs\u0173 meistri\u0161kumo demonstracija. Tai puiki vitrina tarptautiniu mastu&#8221;, &#8211; sak\u0117 Pascalis Payenas-Appenzelleris, kurio asociacija propaguoja tradicinius statybos \u012fg\u016bd\u017eius. .<!-- --><\/p>\n<p class=\"sc-eb7bd5f6-0 fYAfXe\">Pirmoji projekto u\u017eduotis buvo padaryti aik\u0161tel\u0119 saugia, o paskui i\u0161ardyti masyv\u0173 metalini\u0173 pastoli\u0173 raizgin\u012f, kuris anks\u010diau juos\u0117 smaigal\u012f, ta\u010diau i\u0161tirpo ugnyje ir susiliejo su akmenimis.<!-- --><\/p>\n<\/div>\n<figure>\n<div data-component=\"image-block\" class=\"sc-18fde0d6-0 jFCfG\">\n<div data-testid=\"image\" class=\"sc-a34861b-1 jxzoZC\"><img decoding=\"async\" src=\"https:\/\/www.bbc.com\/bbcx\/grey-placeholder.png\" class=\"sc-a34861b-0 cOpVbP hide-when-no-script\"\/><img decoding=\"async\" sizes=\"(min-width: 1280px) 50vw, (min-width: 1008px) 66vw, 96vw\" srcset=\"https:\/\/ichef.bbci.co.uk\/news\/240\/cpsprodpb\/107f\/live\/8bb30250-ad9d-11ef-a722-2d3a2b74a293.jpg.webp 240w,https:\/\/ichef.bbci.co.uk\/news\/320\/cpsprodpb\/107f\/live\/8bb30250-ad9d-11ef-a722-2d3a2b74a293.jpg.webp 320w,https:\/\/ichef.bbci.co.uk\/news\/480\/cpsprodpb\/107f\/live\/8bb30250-ad9d-11ef-a722-2d3a2b74a293.jpg.webp 480w,https:\/\/ichef.bbci.co.uk\/news\/640\/cpsprodpb\/107f\/live\/8bb30250-ad9d-11ef-a722-2d3a2b74a293.jpg.webp 640w,https:\/\/ichef.bbci.co.uk\/news\/800\/cpsprodpb\/107f\/live\/8bb30250-ad9d-11ef-a722-2d3a2b74a293.jpg.webp 800w,https:\/\/ichef.bbci.co.uk\/news\/1024\/cpsprodpb\/107f\/live\/8bb30250-ad9d-11ef-a722-2d3a2b74a293.jpg.webp 1024w,https:\/\/ichef.bbci.co.uk\/news\/1536\/cpsprodpb\/107f\/live\/8bb30250-ad9d-11ef-a722-2d3a2b74a293.jpg.webp 1536w\" src=\"https:\/\/ichef.bbci.co.uk\/news\/480\/cpsprodpb\/107f\/live\/8bb30250-ad9d-11ef-a722-2d3a2b74a293.jpg.webp\" alt=\"Getty Images \u0160ioje aeronuotraukoje pavaizduotas kranas \u0161alia Pary\u017eiaus Dievo Motinos katedros pastoli\u0173, kai saul\u0117 teka likus kelioms dienoms iki jo atidarymo, 2024 m. lapkri\u010dio 25 d. \" class=\"sc-a34861b-0 efFcac\"\/><span class=\"sc-a34861b-2 fxQYxK\">Getty Images<\/span><\/div>\n<\/div>\n<p><figcaption class=\"sc-8353772e-0 cvNhQw\">850 met\u0173 senumo gotikinis pastatas buvo atnaujinamas nuo 2019 m.<!-- --><\/figcaption><\/p>\n<\/figure>\n<div data-component=\"text-block\" class=\"sc-18fde0d6-0 dlWCEZ\">\n<p class=\"sc-eb7bd5f6-0 fYAfXe\">Anksti reik\u0117jo apsispr\u0119sti d\u0117l renovacijos pob\u016bd\u017eio: ar i\u0161tikimai atkurti viduram\u017ei\u0173 pastat\u0105 ir XIX am\u017eiaus neogotikinius poky\u010dius, kuriuos suk\u016br\u0117 architektas Eug\u00e8ne&#8217;as Viollet-le-Ducas, ar pasinaudoti galimybe pa\u017eym\u0117ti pastat\u0105 modernus \u012fspaudas.<!-- --><\/p>\n<p class=\"sc-eb7bd5f6-0 fYAfXe\">Kreipimasis \u012f naujus dizainus suk\u016br\u0117 ne\u012fprastas id\u0117jas, \u012fskaitant stiklin\u012f stog\u0105, \u017eali\u0105 \u201eekologin\u012f stog\u0105\u201c, masyvi\u0105 liepsn\u0105 vietoj smaigalio ir smail\u0119, kuri\u0105 papildo vertikalus lazeris, \u0161audantis \u012f dangaus skliaut\u0105.<!-- --><\/p>\n<p class=\"sc-eb7bd5f6-0 fYAfXe\">D\u0117l ekspert\u0173 ir visuomen\u0117s pasiprie\u0161inimo visi darbai buvo apleisti, o rekonstrukcija i\u0161 esm\u0117s atitinka original\u0105, nors su tam tikromis nuolaidomis \u0161iuolaikin\u0117ms med\u017eiagoms ir saugos reikalavimams. Pavyzd\u017eiui, stogo mediena dabar yra apsaugota purk\u0161tuvais ir pertvaromis.<!-- --><\/p>\n<p class=\"sc-eb7bd5f6-0 fYAfXe\">Vienintelis lik\u0119s gin\u010das yra d\u0117l Macrono tro\u0161kimo sukurti modern\u0173 vitra\u017e\u0173 dizain\u0105 \u0161e\u0161iose \u0161onin\u0117se koply\u010diose. Menininkai pateik\u0117 parai\u0161kas konkursui, ta\u010diau daugelis Pranc\u016bzijos meno pasaulio atstov\u0173 sulaukia grie\u017eto pasiprie\u0161inimo.<!-- --><\/p>\n<p class=\"sc-eb7bd5f6-0 fYAfXe\">Macronas steng\u0117si, kad Dievo Motinos katedros atnaujinimas tapt\u0173 tema ir simboliu.  <!-- --><\/p>\n<p class=\"sc-eb7bd5f6-0 fYAfXe\">Jis glaud\u017eiai \u012fsitrauk\u0117 \u012f projekt\u0105 ir kelis kartus lank\u0117si katedroje.  <!-- --><\/p>\n<p class=\"sc-eb7bd5f6-0 fYAfXe\">\u0160iuo metu, kai jo politinis turtas yra \u017eemiausias \u2013 po liep\u0105 \u012fvykusi\u0173 parlamento rinkim\u0173 \u2013 pakartotinis atidarymas yra labai reikalingas moral\u0117s post\u016bmis.<!-- --><\/p>\n<p class=\"sc-eb7bd5f6-0 fYAfXe\">Kai kurie teig\u0117, kad penktadienio ceremonij\u0105, oficialiai skirt\u0105 projekto pabaigai pa\u017eym\u0117ti, jis pavog\u0117 d\u0117mesio centre \u2013 likus savaitei iki oficialaus pakartotinio atidarymo. Tai rei\u0161kia, kad pirmieji, ilgai laukti interjero vaizdai, taip pat nei\u0161vengiamai sutelks d\u0117mes\u012f \u012f j\u012f.<!-- --><\/p>\n<p class=\"sc-eb7bd5f6-0 fYAfXe\">Atsakydami Eliziejaus pareig\u016bnai nurodo, kad katedra \u2013 kaip ir visi pranc\u016bz\u0173 religiniai pastatai pagal 1905 m. \u012fstatym\u0105 \u2013 priklauso valstybei, o Katalik\u0173 ba\u017eny\u010dia yra jos \u201epaskirtoji naudotoja\u201c; ir kad be greitos Macrono mobilizacijos darbas niekada neb\u016bt\u0173 buv\u0119s baigtas taip greitai.<!-- --><\/p>\n<p class=\"sc-eb7bd5f6-0 fYAfXe\">\u201ePrie\u0161 penkerius metus visi man\u0117, kad prezidento pa\u017ead\u0105 bus sunku i\u0161tes\u0117ti\u201c, \u2013 sak\u0117 Eliziejaus vie\u0161ai neatskleista informacija.<!-- --><\/p>\n<p class=\"sc-eb7bd5f6-0 fYAfXe\">\u201e\u0160iandien turime ne tik \u012frodym\u0105, kad tai buvo \u012fmanoma, bet ir tai, kad tai buvo tai, ko visi kar\u0161tai nor\u0117jo.   <!-- --><\/p>\n<p class=\"sc-eb7bd5f6-0 fYAfXe\">\u201eTai, k\u0105 \u017emon\u0117s pamatys (naujajame Dievo Motinos katedroje), yra kolektyvin\u0117s valios spindesys ir stipryb\u0117. <!-- --><i id=\"\u00e0-la-fran\u00e7aise\" class=\"sc-7dcfb11b-0 kKcaog\">\u00e0 la fran\u00e7aise<!-- --><\/i>\u201c.<!-- --><\/p>\n<\/div>\n<\/div>\n<p><br \/>\n<br \/><a href=\"https:\/\/www.bbc.com\/news\/articles\/c937r4k5rvno\">Source link <\/a><\/p>\n","protected":false},"excerpt":{"rendered":"<p>Getty Images Dievo Motinos katedra, matyta prie\u0161 rekonstrukcijas Pasaulis pradeda pirm\u0105 kart\u0105 pa\u017evelgti \u012f nuostabi\u0105&#8230;<\/p>\n","protected":false},"author":1,"featured_media":1035,"comment_status":"","ping_status":"","sticky":false,"template":"","format":"standard","meta":{"om_disable_all_campaigns":false,"_monsterinsights_skip_tracking":false,"_monsterinsights_sitenote_active":false,"_monsterinsights_sitenote_note":"","_monsterinsights_sitenote_category":0,"footnotes":""},"categories":[5],"tags":[1927,1926,336,1930,1925,193,1924,1929,1928,405],"class_list":["post-1034","post","type-post","status-publish","format-standard","has-post-thumbnail","hentry","category-pasaulio-naujienos","tag-atidarytas","tag-brangakmenis","tag-bus","tag-gaisro","tag-gotikinis","tag-metams","tag-paryziaus","tag-penkeriems","tag-praejus","tag-vel"],"aioseo_notices":[],"_links":{"self":[{"href":"https:\/\/sekmesreceptai.lt\/index.php\/wp-json\/wp\/v2\/posts\/1034","targetHints":{"allow":["GET"]}}],"collection":[{"href":"https:\/\/sekmesreceptai.lt\/index.php\/wp-json\/wp\/v2\/posts"}],"about":[{"href":"https:\/\/sekmesreceptai.lt\/index.php\/wp-json\/wp\/v2\/types\/post"}],"author":[{"embeddable":true,"href":"https:\/\/sekmesreceptai.lt\/index.php\/wp-json\/wp\/v2\/users\/1"}],"replies":[{"embeddable":true,"href":"https:\/\/sekmesreceptai.lt\/index.php\/wp-json\/wp\/v2\/comments?post=1034"}],"version-history":[{"count":0,"href":"https:\/\/sekmesreceptai.lt\/index.php\/wp-json\/wp\/v2\/posts\/1034\/revisions"}],"wp:featuredmedia":[{"embeddable":true,"href":"https:\/\/sekmesreceptai.lt\/index.php\/wp-json\/wp\/v2\/media\/1035"}],"wp:attachment":[{"href":"https:\/\/sekmesreceptai.lt\/index.php\/wp-json\/wp\/v2\/media?parent=1034"}],"wp:term":[{"taxonomy":"category","embeddable":true,"href":"https:\/\/sekmesreceptai.lt\/index.php\/wp-json\/wp\/v2\/categories?post=1034"},{"taxonomy":"post_tag","embeddable":true,"href":"https:\/\/sekmesreceptai.lt\/index.php\/wp-json\/wp\/v2\/tags?post=1034"}],"curies":[{"name":"wp","href":"https:\/\/api.w.org\/{rel}","templated":true}]}}