{"id":1014,"date":"2024-11-26T20:18:59","date_gmt":"2024-11-26T20:18:59","guid":{"rendered":"https:\/\/sekmesreceptai.lt\/index.php\/2024\/11\/26\/oro-uosto-vadovus-dziugina-augimo-tempai-kas-vyksta-kaune\/"},"modified":"2024-11-26T20:18:59","modified_gmt":"2024-11-26T20:18:59","slug":"oro-uosto-vadovus-dziugina-augimo-tempai-kas-vyksta-kaune","status":"publish","type":"post","link":"https:\/\/sekmesreceptai.lt\/index.php\/2024\/11\/26\/oro-uosto-vadovus-dziugina-augimo-tempai-kas-vyksta-kaune\/","title":{"rendered":"Oro uosto vadovus d\u017eiugina augimo tempai \u2013 Kas vyksta Kaune"},"content":{"rendered":"<p> <br \/>\n<\/p>\n<div>\n<p><strong>Nepaisant sud\u0117tingos geopolitin\u0117s situacijos, keleivi\u0173 skai\u010dius Kauno oro uoste did\u0117ja dvi\u017eenkliais procentais. Tai patvirtino antradien\u012f Kauno rajono savivaldyb\u0117je apsilank\u0119s Lietuvos oro uost\u0173 generalinis direktorius Simonas Bartkus, skelbiama Kauno rajono prane\u0161ime spaudai.<\/strong><\/p>\n<p>\u012emon\u0117s vadovas pasteb\u0117jo, kad pastaraisiais metasi kei\u010diasi keleivi\u0173 srautai: jei anks\u010diau j\u0173 daugiausia b\u016bdavo i\u0161 tradicini\u0173 migracijos viet\u0173 \u2013 Jungtin\u0117s Karalyst\u0117s, Airijos, Norvegijos \u2013 tai dabar vis daugiau atskrenda i\u0161 Berlyno, Prahos, Stokholmo, kit\u0173 Europos miest\u0173.<\/p>\n<p>Prie keleivi\u0173 sraut\u0173 gaus\u0117jimo prisideda ir naujos oro uosto infrastrukt\u016bros k\u016brimo darbai, kuriuos S. Bartkus aptar\u0117 su meru Valerijumi Mak\u016bnu ir savivaldyb\u0117s specialistais. Po rekonstrukcijos, kuri\u0105 planuojama pabaigti 2025-\u0173j\u0173 viduryje, i\u0161augs ir terminalo erdv\u0117s, ir technologij\u0173 pa\u017eanga.<\/p>\n<p>D\u0117l moderni\u0173 IT ir kit\u0173 aviacijos technologini\u0173 sprendim\u0173 keliauti taps patogiau ir grei\u010diau. Poky\u010diai apims tris terminalo auk\u0161tus: bus i\u0161pl\u0117stos baga\u017eo atsi\u0117mimo, \u0160engeno ir ne \u0160engeno atvykimo zonos, sukurtos papildomos erdv\u0117s keleiviams laukti skryd\u017ei\u0173, pavalgyti, apsipirkti. Poky\u010diai apims visus tris terminalo auk\u0161tus: bus i\u0161pl\u0117stos baga\u017eo atsi\u0117mimo, \u0160engeno ir ne \u0160engeno atvykimo zonos, sukurtos papildomos erdv\u0117s keleiviams laukti skryd\u017ei\u0173, pavalgyti ir apsipirkti.<\/p>\n<figure id=\"attachment_806009\" aria-describedby=\"caption-attachment-806009\" style=\"width: 945px\" class=\"wp-caption aligncenter\"><figcaption id=\"caption-attachment-806009\" class=\"wp-caption-text\">Simonas Bartkus \/ KRS nuotr.<\/figcaption><\/figure>\n<p>Airijos skryd\u017ei\u0173 bendrov\u0117s \u201eRyanair\u201c netiesiogiai kontroliuojamos orlaivi\u0173 remonto ir technin\u0117s prie\u017ei\u016bros antrin\u0117s \u012fmon\u0117s \u201eKaunas Aircraft Maintenance Services\u201c vadovas Karolis \u010cepukas pabr\u0117\u017e\u0117, kad Karm\u0117lava tampa svarbiu orlaivi\u0173 techninio aptarnavimo centru Ryt\u0173 Europoje. Oro uoste ir jame veikian\u010diose \u012fmon\u0117se jau yra sukurta \u0161imtai darbo viet\u0173. Nema\u017ea dalis darbuotoj\u0173 \u2013 Kauno rajono gyventojai.<\/p>\n<p>Ilgalaikis pl\u0117tros planas iki 2052 met\u0173 numato dar daugiau investicij\u0173, sukurt\u0173 darbo viet\u0173 ir galimybi\u0173. Skai\u010diuojama, kad ilgalaik\u0117s investicijos \u012f naujus projektus Karm\u0117lavoje nuo 2025 iki 2052 met\u0173 gali siekti apie 50 mln. eur\u0173, o terminal\u0173 paj\u0117gumai gali i\u0161augti iki 3 mln. keleivi\u0173 per metus.<\/p>\n<p>V.Mak\u016bnas papra\u0161\u0117, kad oro uoste atsirast\u0173 Karm\u0117lavos vietov\u0119 identifikuojantis u\u017era\u0161as. \u201eTai b\u016bt\u0173 pagarbos \u017eenklas vietos bendruomenei, kuri d\u0117l oro uosto ir verslo pl\u0117tros patiria nepatogum\u0173\u201c, \u2013 kalb\u0117jo meras. S. Bartkus pa\u017ead\u0117jo, kad vykdant perono rekonstrukcij\u0105, toks simbolinis \u017eenklas gal\u0117t\u0173 atsirasti.<\/p>\n<\/p><\/div>\n<p><br \/>\n<br \/><a href=\"https:\/\/kaunas.kasvyksta.lt\/2024\/11\/26\/verslas\/oro-uosto-vadovus-dziugina-augimo-tempai\/\">Source link <\/a><\/p>\n","protected":false},"excerpt":{"rendered":"<p>Nepaisant sud\u0117tingos geopolitin\u0117s situacijos, keleivi\u0173 skai\u010dius Kauno oro uoste did\u0117ja dvi\u017eenkliais procentais. Tai patvirtino antradien\u012f&#8230;<\/p>\n","protected":false},"author":1,"featured_media":1015,"comment_status":"","ping_status":"","sticky":false,"template":"","format":"standard","meta":{"om_disable_all_campaigns":false,"_monsterinsights_skip_tracking":false,"_monsterinsights_sitenote_active":false,"_monsterinsights_sitenote_note":"","_monsterinsights_sitenote_category":0,"footnotes":""},"categories":[743],"tags":[1445,1872,929,1100,663,1873,664,1871,472],"class_list":["post-1014","post","type-post","status-publish","format-standard","has-post-thumbnail","hentry","category-salies-naujienos-aktualijos","tag-augimo","tag-dziugina","tag-kas","tag-kaune","tag-oro","tag-tempai","tag-uosto","tag-vadovus","tag-vyksta"],"aioseo_notices":[],"_links":{"self":[{"href":"https:\/\/sekmesreceptai.lt\/index.php\/wp-json\/wp\/v2\/posts\/1014","targetHints":{"allow":["GET"]}}],"collection":[{"href":"https:\/\/sekmesreceptai.lt\/index.php\/wp-json\/wp\/v2\/posts"}],"about":[{"href":"https:\/\/sekmesreceptai.lt\/index.php\/wp-json\/wp\/v2\/types\/post"}],"author":[{"embeddable":true,"href":"https:\/\/sekmesreceptai.lt\/index.php\/wp-json\/wp\/v2\/users\/1"}],"replies":[{"embeddable":true,"href":"https:\/\/sekmesreceptai.lt\/index.php\/wp-json\/wp\/v2\/comments?post=1014"}],"version-history":[{"count":0,"href":"https:\/\/sekmesreceptai.lt\/index.php\/wp-json\/wp\/v2\/posts\/1014\/revisions"}],"wp:featuredmedia":[{"embeddable":true,"href":"https:\/\/sekmesreceptai.lt\/index.php\/wp-json\/wp\/v2\/media\/1015"}],"wp:attachment":[{"href":"https:\/\/sekmesreceptai.lt\/index.php\/wp-json\/wp\/v2\/media?parent=1014"}],"wp:term":[{"taxonomy":"category","embeddable":true,"href":"https:\/\/sekmesreceptai.lt\/index.php\/wp-json\/wp\/v2\/categories?post=1014"},{"taxonomy":"post_tag","embeddable":true,"href":"https:\/\/sekmesreceptai.lt\/index.php\/wp-json\/wp\/v2\/tags?post=1014"}],"curies":[{"name":"wp","href":"https:\/\/api.w.org\/{rel}","templated":true}]}}